{"id":27514,"date":"2018-09-12T13:41:04","date_gmt":"2018-09-12T16:41:04","guid":{"rendered":"http:\/\/www.almargenweb.com.ar\/web\/?p=27514"},"modified":"2018-09-12T13:41:04","modified_gmt":"2018-09-12T16:41:04","slug":"separa-tus-residuos-un-proyecto-del-gabinete-joven-de-grutly","status":"publish","type":"post","link":"https:\/\/www.almargenweb.com.ar\/web\/separa-tus-residuos-un-proyecto-del-gabinete-joven-de-grutly\/","title":{"rendered":"SEPARA TUS RESIDUOS, un proyecto del Gabinete Joven de Gr\u00fctly."},"content":{"rendered":"<p>El Gabinete Joven de la Comuna de Gr\u00fctly, trabaja en un proyecto de separaci\u00f3n de residuos. El mismo busca implementar en la localidad de Gr\u00fctly la pr\u00e1ctica de separaci\u00f3n de los distintos tipos de residuos generados, para aumentar el reciclaje, disminuir la producci\u00f3n de residuos y generar h\u00e1bitos de cuidado del medio ambiente. La idea es trabajar en capacitaciones junto a las instituciones de la localidad.<br \/>\nEl proyecto se present\u00f3 ante el Gabinete Joven Provincial para el financiamiento de folleteria y cestos para espacios p\u00fablicos.<\/p>\n<p>&nbsp;<\/p>\n<!-- AddThis Advanced Settings generic via filter on the_content --><!-- AddThis Share Buttons generic via filter on the_content -->","protected":false},"excerpt":{"rendered":"<p>El Gabinete Joven de la Comuna de Gr\u00fctly, trabaja en un proyecto de separaci\u00f3n de residuos. [&hellip;]<!-- AddThis Advanced Settings generic via filter on get_the_excerpt --><!-- AddThis Share Buttons generic via filter on get_the_excerpt --><\/p>\n","protected":false},"author":13,"featured_media":27515,"comment_status":"open","ping_status":"open","sticky":false,"template":"","format":"standard","meta":{"_seopress_robots_primary_cat":"","_seopress_titles_title":"","_seopress_titles_desc":"","_seopress_robots_index":"","_themeisle_gutenberg_block_has_review":false,"footnotes":""},"categories":[21],"tags":[],"class_list":["post-27514","post","type-post","status-publish","format-standard","has-post-thumbnail","hentry","category-las-colonias"],"_links":{"self":[{"href":"https:\/\/www.almargenweb.com.ar\/web\/wp-json\/wp\/v2\/posts\/27514","targetHints":{"allow":["GET"]}}],"collection":[{"href":"https:\/\/www.almargenweb.com.ar\/web\/wp-json\/wp\/v2\/posts"}],"about":[{"href":"https:\/\/www.almargenweb.com.ar\/web\/wp-json\/wp\/v2\/types\/post"}],"author":[{"embeddable":true,"href":"https:\/\/www.almargenweb.com.ar\/web\/wp-json\/wp\/v2\/users\/13"}],"replies":[{"embeddable":true,"href":"https:\/\/www.almargenweb.com.ar\/web\/wp-json\/wp\/v2\/comments?post=27514"}],"version-history":[{"count":1,"href":"https:\/\/www.almargenweb.com.ar\/web\/wp-json\/wp\/v2\/posts\/27514\/revisions"}],"predecessor-version":[{"id":27516,"href":"https:\/\/www.almargenweb.com.ar\/web\/wp-json\/wp\/v2\/posts\/27514\/revisions\/27516"}],"wp:featuredmedia":[{"embeddable":true,"href":"https:\/\/www.almargenweb.com.ar\/web\/wp-json\/wp\/v2\/media\/27515"}],"wp:attachment":[{"href":"https:\/\/www.almargenweb.com.ar\/web\/wp-json\/wp\/v2\/media?parent=27514"}],"wp:term":[{"taxonomy":"category","embeddable":true,"href":"https:\/\/www.almargenweb.com.ar\/web\/wp-json\/wp\/v2\/categories?post=27514"},{"taxonomy":"post_tag","embeddable":true,"href":"https:\/\/www.almargenweb.com.ar\/web\/wp-json\/wp\/v2\/tags?post=27514"}],"curies":[{"name":"wp","href":"https:\/\/api.w.org\/{rel}","templated":true}]}}