{"id":27498,"date":"2018-09-12T10:05:46","date_gmt":"2018-09-12T13:05:46","guid":{"rendered":"http:\/\/www.almargenweb.com.ar\/web\/?p=27498"},"modified":"2018-09-12T10:05:46","modified_gmt":"2018-09-12T13:05:46","slug":"avanzan-los-tramites-de-escrituracion-para-regularizar-viviendas-familiares","status":"publish","type":"post","link":"https:\/\/www.almargenweb.com.ar\/web\/avanzan-los-tramites-de-escrituracion-para-regularizar-viviendas-familiares\/","title":{"rendered":"AVANZAN LOS TRAMITES DE ESCRITURACI\u00d3N\u00a0PARA REGULARIZAR VIVIENDAS FAMILIARES"},"content":{"rendered":"<p lang=\"es-MX\" align=\"justify\"><span style=\"color: #212121;\"><span style=\"font-family: Segoe UI, sans-serif;\"><span style=\"font-size: medium;\">El Doctor Rodrigo M\u00fcller actualiz\u00f3 la informaci\u00f3n vinculada con los tr\u00e1mites que lleva adelante con el Programa de Regularizaci\u00f3n del Ministerio de Desarrollo Social del gobierno provincial.<\/span><\/span><\/span><\/p>\n<p lang=\"es-MX\" align=\"justify\"><span style=\"color: #212121;\"><span style=\"font-family: Segoe UI, sans-serif;\"><span style=\"font-size: medium;\">Ingresaron a la Unidad Ejecutora 16 carpetas con la documentaci\u00f3n que permitir\u00e1 a vecinos contar con la escritura gratuita de sus viviendas.<\/span><\/span><\/span><\/p>\n<p lang=\"es-MX\" align=\"justify\"><span style=\"font-family: Times New Roman, serif;\"><span style=\"font-size: medium;\"><span style=\"color: #212121;\"><span style=\"font-family: Segoe UI, sans-serif;\">Estas actividades de colaboraci\u00f3n junto al equipo social de la Asociaci\u00f3n para el Desarrollo del Departamento Las Colonias y las familias beneficiarias otorgan certeza y seguridad jur\u00eddica a sus casas.<\/span><\/span><\/span><\/span><\/p>\n<p align=\"justify\"><span style=\"font-family: Segoe UI, sans-serif;\"><span style=\"font-size: medium;\">Esta actividad forma parte de las gestiones que impulsa Rodrigo M\u00fcller colaborando con vecinos en diferentes acciones donde el Estado provincial ofrece respuestas con programas sociales y de inclusi\u00f3n ciudadana.<\/span><\/span><\/p>\n<p align=\"justify\">\n<!-- AddThis Advanced Settings generic via filter on the_content --><!-- AddThis Share Buttons generic via filter on the_content -->","protected":false},"excerpt":{"rendered":"<p>El Doctor Rodrigo M\u00fcller actualiz\u00f3 la informaci\u00f3n vinculada con los tr\u00e1mites que lleva adelante con el [&hellip;]<!-- AddThis Advanced Settings generic via filter on get_the_excerpt --><!-- AddThis Share Buttons generic via filter on get_the_excerpt --><\/p>\n","protected":false},"author":13,"featured_media":27499,"comment_status":"open","ping_status":"open","sticky":false,"template":"","format":"standard","meta":{"_seopress_robots_primary_cat":"","_seopress_titles_title":"","_seopress_titles_desc":"","_seopress_robots_index":"","_themeisle_gutenberg_block_has_review":false,"footnotes":""},"categories":[47],"tags":[],"class_list":["post-27498","post","type-post","status-publish","format-standard","has-post-thumbnail","hentry","category-locales"],"_links":{"self":[{"href":"https:\/\/www.almargenweb.com.ar\/web\/wp-json\/wp\/v2\/posts\/27498","targetHints":{"allow":["GET"]}}],"collection":[{"href":"https:\/\/www.almargenweb.com.ar\/web\/wp-json\/wp\/v2\/posts"}],"about":[{"href":"https:\/\/www.almargenweb.com.ar\/web\/wp-json\/wp\/v2\/types\/post"}],"author":[{"embeddable":true,"href":"https:\/\/www.almargenweb.com.ar\/web\/wp-json\/wp\/v2\/users\/13"}],"replies":[{"embeddable":true,"href":"https:\/\/www.almargenweb.com.ar\/web\/wp-json\/wp\/v2\/comments?post=27498"}],"version-history":[{"count":1,"href":"https:\/\/www.almargenweb.com.ar\/web\/wp-json\/wp\/v2\/posts\/27498\/revisions"}],"predecessor-version":[{"id":27500,"href":"https:\/\/www.almargenweb.com.ar\/web\/wp-json\/wp\/v2\/posts\/27498\/revisions\/27500"}],"wp:featuredmedia":[{"embeddable":true,"href":"https:\/\/www.almargenweb.com.ar\/web\/wp-json\/wp\/v2\/media\/27499"}],"wp:attachment":[{"href":"https:\/\/www.almargenweb.com.ar\/web\/wp-json\/wp\/v2\/media?parent=27498"}],"wp:term":[{"taxonomy":"category","embeddable":true,"href":"https:\/\/www.almargenweb.com.ar\/web\/wp-json\/wp\/v2\/categories?post=27498"},{"taxonomy":"post_tag","embeddable":true,"href":"https:\/\/www.almargenweb.com.ar\/web\/wp-json\/wp\/v2\/tags?post=27498"}],"curies":[{"name":"wp","href":"https:\/\/api.w.org\/{rel}","templated":true}]}}