{"id":27466,"date":"2018-09-10T09:47:31","date_gmt":"2018-09-10T12:47:31","guid":{"rendered":"http:\/\/www.almargenweb.com.ar\/web\/?p=27466"},"modified":"2018-09-10T09:47:31","modified_gmt":"2018-09-10T12:47:31","slug":"lifschitz-y-fascendini-participaron-en-esperanza-de-la-fiesta-de-la-agricultura","status":"publish","type":"post","link":"https:\/\/www.almargenweb.com.ar\/web\/lifschitz-y-fascendini-participaron-en-esperanza-de-la-fiesta-de-la-agricultura\/","title":{"rendered":"LIFSCHITZ Y FASCENDINI PARTICIPARON EN ESPERANZA DE LA FIESTA DE LA AGRICULTURA"},"content":{"rendered":"<div dir=\"ltr\">\n<p dir=\"ltr\">El gobernador de la provincia, Miguel Lifschitz y el vicegobernador Carlos Fascendini fueron recibidos por la intendenta de Esperanza, Ana Meiners, para compartir la segunda jornada de la 74\u00b0 Fiesta Nacional de la Agricultura que celebr\u00f3 los 162 a\u00f1os de la fundaci\u00f3n de la Primera Colonia Agr\u00edcola organizada del pa\u00eds.<\/p>\n<p dir=\"ltr\">El gobernador destac\u00f3 &#8220;la importancia que tiene esta celebraci\u00f3n para Esperanza, una ciudad que es parte de nuestra mejor historia&#8221;<\/p>\n<p dir=\"ltr\">&#8220;Aqu\u00ed naci\u00f3 la agricultura moderna a fines\u00a0 del siglo XIX y principios del XX. Esa agricultura que nos convirti\u00f3 en el granero del mundo&#8221;<\/p>\n<p dir=\"ltr\">&#8220;Pero Esperanza no es s\u00f3lo historia, pasado y tradiciones sino sobretodo futuro porque el futuro de Argentina pasa por lo que ustedes construyen aqu\u00ed, por lo que hacemos en Santa Fe.<\/p>\n<p dir=\"ltr\">Si la Argentina se pareciera un poquito m\u00e1s a Esperanza, no tengan dudas que tendr\u00edamos un pa\u00eds extraordinario&#8221;, enfatiz\u00f3 el gobernador Lifschitz.<\/p>\n<p dir=\"ltr\">En el tramo final de su alocuci\u00f3n ratific\u00f3 su compromiso de &#8220;seguir al lado de ustedes. Estamos haciendo en Esperanza obras de infraestructura para desag\u00fces y saneamiento, obras para educaci\u00f3n&#8221;<br \/>\nLifschitz subray\u00f3 que la obra p\u00fablica es la mejor herencia que un gobierno puede dejar a las generaciones futuras y que al finalizar su mandato ser\u00e1n 80 mil millones de pesos invertidos en obra p\u00fablica y que permiten que 20 mil familias tengan un sueldo.<\/p>\n<\/div>\n<!-- AddThis Advanced Settings generic via filter on the_content --><!-- AddThis Share Buttons generic via filter on the_content -->","protected":false},"excerpt":{"rendered":"<p>El gobernador de la provincia, Miguel Lifschitz y el vicegobernador Carlos Fascendini fueron recibidos por la [&hellip;]<!-- AddThis Advanced Settings generic via filter on get_the_excerpt --><!-- AddThis Share Buttons generic via filter on get_the_excerpt --><\/p>\n","protected":false},"author":13,"featured_media":27467,"comment_status":"open","ping_status":"open","sticky":false,"template":"","format":"standard","meta":{"_seopress_robots_primary_cat":"","_seopress_titles_title":"","_seopress_titles_desc":"","_seopress_robots_index":"","_themeisle_gutenberg_block_has_review":false,"footnotes":""},"categories":[47],"tags":[],"class_list":["post-27466","post","type-post","status-publish","format-standard","has-post-thumbnail","hentry","category-locales"],"_links":{"self":[{"href":"https:\/\/www.almargenweb.com.ar\/web\/wp-json\/wp\/v2\/posts\/27466","targetHints":{"allow":["GET"]}}],"collection":[{"href":"https:\/\/www.almargenweb.com.ar\/web\/wp-json\/wp\/v2\/posts"}],"about":[{"href":"https:\/\/www.almargenweb.com.ar\/web\/wp-json\/wp\/v2\/types\/post"}],"author":[{"embeddable":true,"href":"https:\/\/www.almargenweb.com.ar\/web\/wp-json\/wp\/v2\/users\/13"}],"replies":[{"embeddable":true,"href":"https:\/\/www.almargenweb.com.ar\/web\/wp-json\/wp\/v2\/comments?post=27466"}],"version-history":[{"count":1,"href":"https:\/\/www.almargenweb.com.ar\/web\/wp-json\/wp\/v2\/posts\/27466\/revisions"}],"predecessor-version":[{"id":27468,"href":"https:\/\/www.almargenweb.com.ar\/web\/wp-json\/wp\/v2\/posts\/27466\/revisions\/27468"}],"wp:featuredmedia":[{"embeddable":true,"href":"https:\/\/www.almargenweb.com.ar\/web\/wp-json\/wp\/v2\/media\/27467"}],"wp:attachment":[{"href":"https:\/\/www.almargenweb.com.ar\/web\/wp-json\/wp\/v2\/media?parent=27466"}],"wp:term":[{"taxonomy":"category","embeddable":true,"href":"https:\/\/www.almargenweb.com.ar\/web\/wp-json\/wp\/v2\/categories?post=27466"},{"taxonomy":"post_tag","embeddable":true,"href":"https:\/\/www.almargenweb.com.ar\/web\/wp-json\/wp\/v2\/tags?post=27466"}],"curies":[{"name":"wp","href":"https:\/\/api.w.org\/{rel}","templated":true}]}}