{"id":27414,"date":"2018-09-04T12:26:58","date_gmt":"2018-09-04T15:26:58","guid":{"rendered":"http:\/\/www.almargenweb.com.ar\/web\/?p=27414"},"modified":"2018-09-04T12:26:58","modified_gmt":"2018-09-04T15:26:58","slug":"aportes-para-el-coro-comunal-de-sarmiento","status":"publish","type":"post","link":"https:\/\/www.almargenweb.com.ar\/web\/aportes-para-el-coro-comunal-de-sarmiento\/","title":{"rendered":"Aportes para el Coro Comunal de Sarmiento"},"content":{"rendered":"<p>El Presidente Comunal Eduardo Warnke, hizo entrega al Director del Coro Jos\u00e9 Rudolf, un pie y funda para el \u00f3rgano as\u00ed de esta manera pueden realizar sus ensayos y actuaciones de manera m\u00e1s c\u00f3moda. A fin de que se est\u00e1n preparando para la presentaci\u00f3n que har\u00e1n este mes en Capilla del Monte junto a un ensamble coral.<\/p>\n<p><img loading=\"lazy\" decoding=\"async\" class=\"aligncenter wp-image-27416 size-full\" src=\"https:\/\/www.almargenweb.com.ar\/web\/wp-content\/uploads\/2018\/09\/40833740_325259401535198_4605781954518843392_n.jpg\" alt=\"\" width=\"960\" height=\"540\" srcset=\"https:\/\/www.almargenweb.com.ar\/web\/wp-content\/uploads\/2018\/09\/40833740_325259401535198_4605781954518843392_n.jpg 960w, https:\/\/www.almargenweb.com.ar\/web\/wp-content\/uploads\/2018\/09\/40833740_325259401535198_4605781954518843392_n-300x169.jpg 300w, https:\/\/www.almargenweb.com.ar\/web\/wp-content\/uploads\/2018\/09\/40833740_325259401535198_4605781954518843392_n-768x432.jpg 768w\" sizes=\"auto, (max-width: 960px) 100vw, 960px\" \/><\/p>\n<!-- AddThis Advanced Settings generic via filter on the_content --><!-- AddThis Share Buttons generic via filter on the_content -->","protected":false},"excerpt":{"rendered":"<p>El Presidente Comunal Eduardo Warnke, hizo entrega al Director del Coro Jos\u00e9 Rudolf, un pie y [&hellip;]<!-- AddThis Advanced Settings generic via filter on get_the_excerpt --><!-- AddThis Share Buttons generic via filter on get_the_excerpt --><\/p>\n","protected":false},"author":13,"featured_media":27415,"comment_status":"open","ping_status":"open","sticky":false,"template":"","format":"standard","meta":{"_seopress_robots_primary_cat":"","_seopress_titles_title":"","_seopress_titles_desc":"","_seopress_robots_index":"","_themeisle_gutenberg_block_has_review":false,"footnotes":""},"categories":[21],"tags":[],"class_list":["post-27414","post","type-post","status-publish","format-standard","has-post-thumbnail","hentry","category-las-colonias"],"_links":{"self":[{"href":"https:\/\/www.almargenweb.com.ar\/web\/wp-json\/wp\/v2\/posts\/27414","targetHints":{"allow":["GET"]}}],"collection":[{"href":"https:\/\/www.almargenweb.com.ar\/web\/wp-json\/wp\/v2\/posts"}],"about":[{"href":"https:\/\/www.almargenweb.com.ar\/web\/wp-json\/wp\/v2\/types\/post"}],"author":[{"embeddable":true,"href":"https:\/\/www.almargenweb.com.ar\/web\/wp-json\/wp\/v2\/users\/13"}],"replies":[{"embeddable":true,"href":"https:\/\/www.almargenweb.com.ar\/web\/wp-json\/wp\/v2\/comments?post=27414"}],"version-history":[{"count":1,"href":"https:\/\/www.almargenweb.com.ar\/web\/wp-json\/wp\/v2\/posts\/27414\/revisions"}],"predecessor-version":[{"id":27417,"href":"https:\/\/www.almargenweb.com.ar\/web\/wp-json\/wp\/v2\/posts\/27414\/revisions\/27417"}],"wp:featuredmedia":[{"embeddable":true,"href":"https:\/\/www.almargenweb.com.ar\/web\/wp-json\/wp\/v2\/media\/27415"}],"wp:attachment":[{"href":"https:\/\/www.almargenweb.com.ar\/web\/wp-json\/wp\/v2\/media?parent=27414"}],"wp:term":[{"taxonomy":"category","embeddable":true,"href":"https:\/\/www.almargenweb.com.ar\/web\/wp-json\/wp\/v2\/categories?post=27414"},{"taxonomy":"post_tag","embeddable":true,"href":"https:\/\/www.almargenweb.com.ar\/web\/wp-json\/wp\/v2\/tags?post=27414"}],"curies":[{"name":"wp","href":"https:\/\/api.w.org\/{rel}","templated":true}]}}