{"id":27374,"date":"2018-09-03T12:06:29","date_gmt":"2018-09-03T15:06:29","guid":{"rendered":"http:\/\/www.almargenweb.com.ar\/web\/?p=27374"},"modified":"2018-09-03T12:06:29","modified_gmt":"2018-09-03T15:06:29","slug":"comenzo-el-curso-de-formacion-de-acompanantes-no-terapeuticos","status":"publish","type":"post","link":"https:\/\/www.almargenweb.com.ar\/web\/comenzo-el-curso-de-formacion-de-acompanantes-no-terapeuticos\/","title":{"rendered":"COMENZ\u00d3 EL CURSO DE FORMACI\u00d3N DE \u201cACOMPA\u00d1ANTES NO TERAP\u00c9UTICOS\u201d"},"content":{"rendered":"<h3>Trabajo por la posibilidad de formarse y que las personas tengan iguales oportunidades, manifest\u00f3 Rodrigo M\u00fcller al presentar el curso.<\/h3>\n<p>En la Asociaci\u00f3n para el Desarrollo, comenz\u00f3 el curso de capacitaci\u00f3n de acompa\u00f1antes no terap\u00e9uticos para apoyo o sustituci\u00f3n de actividades de la vida diaria de personas que por motivos de edad avanzada, fragilidad o dependencia no pueden hacerlas por s\u00ed solas.<br \/>\nCon la asistencia de 30 participantes, el Dr. Rodrigo M\u00fcller en car\u00e1cter de Gerente de la Asociaci\u00f3n para el Desarrollo del Departamento Las Colonias presento la actividad y los diferentes docentes que estar\u00e1n a cargo del curso.<br \/>\nA trav\u00e9s de dicha formaci\u00f3n las asistentes adquirir\u00e1n competencias en higiene y confort, alimentaci\u00f3n, recreaci\u00f3n y gesti\u00f3n de tr\u00e1mites administrativos. Para que las prestaciones sean eficientes, continuas y planificadas siempre estar\u00e1n bajo supervisi\u00f3n profesional.<br \/>\nEsta iniciativa fruto del convenio entre la Secretar\u00eda de Integraci\u00f3n Social del Ministerio de Desarrollo Social de la provincia y organizaciones de la sociedad civil para formar a los trabajadores del campo gerontol\u00f3gico y contribuir a una mejor calidad de vida de los adultos mayores del territorio santafesino.<img loading=\"lazy\" decoding=\"async\" class=\"alignnone size-medium wp-image-27376\" src=\"https:\/\/www.almargenweb.com.ar\/web\/wp-content\/uploads\/2018\/09\/WhatsApp-Image-2018-09-02-at-11.53.05-PM-300x225.jpeg\" alt=\"\" width=\"300\" height=\"225\" srcset=\"https:\/\/www.almargenweb.com.ar\/web\/wp-content\/uploads\/2018\/09\/WhatsApp-Image-2018-09-02-at-11.53.05-PM-300x225.jpeg 300w, https:\/\/www.almargenweb.com.ar\/web\/wp-content\/uploads\/2018\/09\/WhatsApp-Image-2018-09-02-at-11.53.05-PM-768x576.jpeg 768w, https:\/\/www.almargenweb.com.ar\/web\/wp-content\/uploads\/2018\/09\/WhatsApp-Image-2018-09-02-at-11.53.05-PM-1024x768.jpeg 1024w, https:\/\/www.almargenweb.com.ar\/web\/wp-content\/uploads\/2018\/09\/WhatsApp-Image-2018-09-02-at-11.53.05-PM.jpeg 1200w\" sizes=\"auto, (max-width: 300px) 100vw, 300px\" \/><\/p>\n<!-- AddThis Advanced Settings generic via filter on the_content --><!-- AddThis Share Buttons generic via filter on the_content -->","protected":false},"excerpt":{"rendered":"<p>Trabajo por la posibilidad de formarse y que las personas tengan iguales oportunidades, manifest\u00f3 Rodrigo M\u00fcller [&hellip;]<!-- AddThis Advanced Settings generic via filter on get_the_excerpt --><!-- AddThis Share Buttons generic via filter on get_the_excerpt --><\/p>\n","protected":false},"author":13,"featured_media":27375,"comment_status":"open","ping_status":"open","sticky":false,"template":"","format":"standard","meta":{"_seopress_robots_primary_cat":"","_seopress_titles_title":"","_seopress_titles_desc":"","_seopress_robots_index":"","_themeisle_gutenberg_block_has_review":false,"footnotes":""},"categories":[47],"tags":[],"class_list":["post-27374","post","type-post","status-publish","format-standard","has-post-thumbnail","hentry","category-locales"],"_links":{"self":[{"href":"https:\/\/www.almargenweb.com.ar\/web\/wp-json\/wp\/v2\/posts\/27374","targetHints":{"allow":["GET"]}}],"collection":[{"href":"https:\/\/www.almargenweb.com.ar\/web\/wp-json\/wp\/v2\/posts"}],"about":[{"href":"https:\/\/www.almargenweb.com.ar\/web\/wp-json\/wp\/v2\/types\/post"}],"author":[{"embeddable":true,"href":"https:\/\/www.almargenweb.com.ar\/web\/wp-json\/wp\/v2\/users\/13"}],"replies":[{"embeddable":true,"href":"https:\/\/www.almargenweb.com.ar\/web\/wp-json\/wp\/v2\/comments?post=27374"}],"version-history":[{"count":1,"href":"https:\/\/www.almargenweb.com.ar\/web\/wp-json\/wp\/v2\/posts\/27374\/revisions"}],"predecessor-version":[{"id":27377,"href":"https:\/\/www.almargenweb.com.ar\/web\/wp-json\/wp\/v2\/posts\/27374\/revisions\/27377"}],"wp:featuredmedia":[{"embeddable":true,"href":"https:\/\/www.almargenweb.com.ar\/web\/wp-json\/wp\/v2\/media\/27375"}],"wp:attachment":[{"href":"https:\/\/www.almargenweb.com.ar\/web\/wp-json\/wp\/v2\/media?parent=27374"}],"wp:term":[{"taxonomy":"category","embeddable":true,"href":"https:\/\/www.almargenweb.com.ar\/web\/wp-json\/wp\/v2\/categories?post=27374"},{"taxonomy":"post_tag","embeddable":true,"href":"https:\/\/www.almargenweb.com.ar\/web\/wp-json\/wp\/v2\/tags?post=27374"}],"curies":[{"name":"wp","href":"https:\/\/api.w.org\/{rel}","templated":true}]}}