{"id":27298,"date":"2018-08-29T13:45:03","date_gmt":"2018-08-29T16:45:03","guid":{"rendered":"http:\/\/www.almargenweb.com.ar\/web\/?p=27298"},"modified":"2018-08-29T13:45:03","modified_gmt":"2018-08-29T16:45:03","slug":"grutly-celebra-el-dia-del-arbol","status":"publish","type":"post","link":"https:\/\/www.almargenweb.com.ar\/web\/grutly-celebra-el-dia-del-arbol\/","title":{"rendered":"Gr\u00fctly celebra el d\u00eda del \u00e1rbol"},"content":{"rendered":"<p>Personal Comunal junto a alumnos y docentes de la Escuela N\u00b0338 plantaron un \u00e1rbol en la Plaza San Martin por el \u00a1D\u00cdA DEL \u00c1RBOL!<\/p>\n<p>Desde el siglo XIX se promovi\u00f3 la actividad forestal, siendo su principal impulsor Domingo Faustino Sarmiento (presidente de 1868 a 1874), quien manifest\u00f3:\u00abEl cultivo de los \u00e1rboles conviene a un pa\u00eds pastoril como el nuestro, no s\u00f3lo porque la arboricultura se une perfectamente a la ganader\u00eda, sino que debe considerarse como su complemento indispensable. La Pampa es como nuestra Rep\u00fablica, tala rasa. Es la tela en la que ha de bordarse una naci\u00f3n. Es necesario escribir sobre ella: \u00a1\u00c1rboles! \u00a1Planten \u00e1rboles!\u00bb<\/p>\n<!-- AddThis Advanced Settings generic via filter on the_content --><!-- AddThis Share Buttons generic via filter on the_content -->","protected":false},"excerpt":{"rendered":"<p>Personal Comunal junto a alumnos y docentes de la Escuela N\u00b0338 plantaron un \u00e1rbol en la [&hellip;]<!-- AddThis Advanced Settings generic via filter on get_the_excerpt --><!-- AddThis Share Buttons generic via filter on get_the_excerpt --><\/p>\n","protected":false},"author":13,"featured_media":27300,"comment_status":"open","ping_status":"open","sticky":false,"template":"","format":"standard","meta":{"_seopress_robots_primary_cat":"","_seopress_titles_title":"","_seopress_titles_desc":"","_seopress_robots_index":"","_themeisle_gutenberg_block_has_review":false,"footnotes":""},"categories":[21],"tags":[],"class_list":["post-27298","post","type-post","status-publish","format-standard","has-post-thumbnail","hentry","category-las-colonias"],"_links":{"self":[{"href":"https:\/\/www.almargenweb.com.ar\/web\/wp-json\/wp\/v2\/posts\/27298","targetHints":{"allow":["GET"]}}],"collection":[{"href":"https:\/\/www.almargenweb.com.ar\/web\/wp-json\/wp\/v2\/posts"}],"about":[{"href":"https:\/\/www.almargenweb.com.ar\/web\/wp-json\/wp\/v2\/types\/post"}],"author":[{"embeddable":true,"href":"https:\/\/www.almargenweb.com.ar\/web\/wp-json\/wp\/v2\/users\/13"}],"replies":[{"embeddable":true,"href":"https:\/\/www.almargenweb.com.ar\/web\/wp-json\/wp\/v2\/comments?post=27298"}],"version-history":[{"count":3,"href":"https:\/\/www.almargenweb.com.ar\/web\/wp-json\/wp\/v2\/posts\/27298\/revisions"}],"predecessor-version":[{"id":27302,"href":"https:\/\/www.almargenweb.com.ar\/web\/wp-json\/wp\/v2\/posts\/27298\/revisions\/27302"}],"wp:featuredmedia":[{"embeddable":true,"href":"https:\/\/www.almargenweb.com.ar\/web\/wp-json\/wp\/v2\/media\/27300"}],"wp:attachment":[{"href":"https:\/\/www.almargenweb.com.ar\/web\/wp-json\/wp\/v2\/media?parent=27298"}],"wp:term":[{"taxonomy":"category","embeddable":true,"href":"https:\/\/www.almargenweb.com.ar\/web\/wp-json\/wp\/v2\/categories?post=27298"},{"taxonomy":"post_tag","embeddable":true,"href":"https:\/\/www.almargenweb.com.ar\/web\/wp-json\/wp\/v2\/tags?post=27298"}],"curies":[{"name":"wp","href":"https:\/\/api.w.org\/{rel}","templated":true}]}}