{"id":27227,"date":"2018-08-23T11:55:36","date_gmt":"2018-08-23T14:55:36","guid":{"rendered":"http:\/\/www.almargenweb.com.ar\/web\/?p=27227"},"modified":"2018-08-23T11:55:36","modified_gmt":"2018-08-23T14:55:36","slug":"por-gestiones-realizadas-vialidad-entrega-60-tn-de-rap-a-club-de-motocross","status":"publish","type":"post","link":"https:\/\/www.almargenweb.com.ar\/web\/por-gestiones-realizadas-vialidad-entrega-60-tn-de-rap-a-club-de-motocross\/","title":{"rendered":"POR GESTIONES REALIZADAS, VIALIDAD ENTREGA 60 TN DE RAP A CLUB DE MOTOCROSS"},"content":{"rendered":"<p class=\"western\" lang=\"es-AR\" align=\"justify\"><span style=\"color: #212121;\"><span style=\"font-family: Segoe UI, serif;\"><span style=\"font-size: medium;\">A trav\u00e9s de gestiones realizadas ante la Direcci\u00f3n Provincial de Vialidad el Dr. Rodrigo M\u00fcller obtuvo el otorgamiento de RAP para mejorar el acceso al predio del Club Indio Blanco.<\/span><\/span><\/span><\/p>\n<p class=\"western\" lang=\"es-AR\" align=\"justify\"><span style=\"color: #212121;\"><span style=\"font-family: Segoe UI, serif;\"><span style=\"font-size: medium;\">En el marco de un convenio firmado por la Direcci\u00f3n Provincial de Vialidad, con el presidente del\u00a0Club &#8220;Indio Blanco&#8221; de Motocross, la instituci\u00f3n recibe sesenta toneladas de rezago de arena y piedra de parte del organismo como sobrante de los trabajos en la autopista provincial 01.<\/span><\/span><\/span><\/p>\n<p class=\"western\" lang=\"es-AR\" align=\"justify\"><a name=\"_GoBack\"><\/a> <span style=\"color: #212121;\"><span style=\"font-family: Segoe UI, serif;\"><span style=\"font-size: medium;\">En su oportunidad, por gesti\u00f3n del Dr. Rodrigo M\u00fcller, el club obtuvo su personer\u00eda jur\u00eddica lo que, por ejemplo, le permite recibir este tipo de aportes.<\/span><\/span><\/span><\/p>\n<p class=\"western\" lang=\"es-AR\" align=\"justify\"><span style=\"color: #212121;\"><span style=\"font-family: Segoe UI, serif;\"><span style=\"font-size: medium;\">La b\u00fasqueda y traslado del material son responsabilidad del club que se obliga a utilizarlo en Jansenn al norte de Alem donde practican actividades de Motocross.\u00a0Dicho lugar ha sido sede de eventos deportivos importantes y esto permitir\u00e1 mejorar para los mismos la accesibilidad a la Instituci\u00f3n.-<\/span><\/span><\/span><\/p>\n<p lang=\"es-AR\" align=\"justify\"><img loading=\"lazy\" decoding=\"async\" class=\"aligncenter wp-image-27231 size-large\" src=\"https:\/\/www.almargenweb.com.ar\/web\/wp-content\/uploads\/2018\/08\/WhatsApp-Image-2018-08-22-at-7.57.13-PM-1-1-1024x768.jpeg\" alt=\"\" width=\"640\" height=\"480\" srcset=\"https:\/\/www.almargenweb.com.ar\/web\/wp-content\/uploads\/2018\/08\/WhatsApp-Image-2018-08-22-at-7.57.13-PM-1-1-1024x768.jpeg 1024w, https:\/\/www.almargenweb.com.ar\/web\/wp-content\/uploads\/2018\/08\/WhatsApp-Image-2018-08-22-at-7.57.13-PM-1-1-300x225.jpeg 300w, https:\/\/www.almargenweb.com.ar\/web\/wp-content\/uploads\/2018\/08\/WhatsApp-Image-2018-08-22-at-7.57.13-PM-1-1-768x576.jpeg 768w, https:\/\/www.almargenweb.com.ar\/web\/wp-content\/uploads\/2018\/08\/WhatsApp-Image-2018-08-22-at-7.57.13-PM-1-1.jpeg 1032w\" sizes=\"auto, (max-width: 640px) 100vw, 640px\" \/><\/p>\n<p lang=\"es-AR\" align=\"justify\"><img loading=\"lazy\" decoding=\"async\" class=\"aligncenter wp-image-27232 size-large\" src=\"https:\/\/www.almargenweb.com.ar\/web\/wp-content\/uploads\/2018\/08\/WhatsApp-Image-2018-08-22-at-7.57.15-PM-1-768x1024.jpeg\" alt=\"\" width=\"640\" height=\"853\" srcset=\"https:\/\/www.almargenweb.com.ar\/web\/wp-content\/uploads\/2018\/08\/WhatsApp-Image-2018-08-22-at-7.57.15-PM-1-768x1024.jpeg 768w, https:\/\/www.almargenweb.com.ar\/web\/wp-content\/uploads\/2018\/08\/WhatsApp-Image-2018-08-22-at-7.57.15-PM-1-225x300.jpeg 225w, https:\/\/www.almargenweb.com.ar\/web\/wp-content\/uploads\/2018\/08\/WhatsApp-Image-2018-08-22-at-7.57.15-PM-1.jpeg 774w\" sizes=\"auto, (max-width: 640px) 100vw, 640px\" \/><\/p>\n<!-- AddThis Advanced Settings generic via filter on the_content --><!-- AddThis Share Buttons generic via filter on the_content -->","protected":false},"excerpt":{"rendered":"<p>A trav\u00e9s de gestiones realizadas ante la Direcci\u00f3n Provincial de Vialidad el Dr. Rodrigo M\u00fcller obtuvo [&hellip;]<!-- AddThis Advanced Settings generic via filter on get_the_excerpt --><!-- AddThis Share Buttons generic via filter on get_the_excerpt --><\/p>\n","protected":false},"author":13,"featured_media":27228,"comment_status":"open","ping_status":"open","sticky":false,"template":"","format":"standard","meta":{"_seopress_robots_primary_cat":"","_seopress_titles_title":"","_seopress_titles_desc":"","_seopress_robots_index":"","_themeisle_gutenberg_block_has_review":false,"footnotes":""},"categories":[47],"tags":[],"class_list":["post-27227","post","type-post","status-publish","format-standard","has-post-thumbnail","hentry","category-locales"],"_links":{"self":[{"href":"https:\/\/www.almargenweb.com.ar\/web\/wp-json\/wp\/v2\/posts\/27227","targetHints":{"allow":["GET"]}}],"collection":[{"href":"https:\/\/www.almargenweb.com.ar\/web\/wp-json\/wp\/v2\/posts"}],"about":[{"href":"https:\/\/www.almargenweb.com.ar\/web\/wp-json\/wp\/v2\/types\/post"}],"author":[{"embeddable":true,"href":"https:\/\/www.almargenweb.com.ar\/web\/wp-json\/wp\/v2\/users\/13"}],"replies":[{"embeddable":true,"href":"https:\/\/www.almargenweb.com.ar\/web\/wp-json\/wp\/v2\/comments?post=27227"}],"version-history":[{"count":2,"href":"https:\/\/www.almargenweb.com.ar\/web\/wp-json\/wp\/v2\/posts\/27227\/revisions"}],"predecessor-version":[{"id":27234,"href":"https:\/\/www.almargenweb.com.ar\/web\/wp-json\/wp\/v2\/posts\/27227\/revisions\/27234"}],"wp:featuredmedia":[{"embeddable":true,"href":"https:\/\/www.almargenweb.com.ar\/web\/wp-json\/wp\/v2\/media\/27228"}],"wp:attachment":[{"href":"https:\/\/www.almargenweb.com.ar\/web\/wp-json\/wp\/v2\/media?parent=27227"}],"wp:term":[{"taxonomy":"category","embeddable":true,"href":"https:\/\/www.almargenweb.com.ar\/web\/wp-json\/wp\/v2\/categories?post=27227"},{"taxonomy":"post_tag","embeddable":true,"href":"https:\/\/www.almargenweb.com.ar\/web\/wp-json\/wp\/v2\/tags?post=27227"}],"curies":[{"name":"wp","href":"https:\/\/api.w.org\/{rel}","templated":true}]}}