{"id":27170,"date":"2018-08-20T17:08:46","date_gmt":"2018-08-20T20:08:46","guid":{"rendered":"http:\/\/www.almargenweb.com.ar\/web\/?p=27170"},"modified":"2018-08-20T22:14:36","modified_gmt":"2018-08-21T01:14:36","slug":"la-ucr-de-esperanza-festejo-el-dia-del-nino-frente-a-su-comite","status":"publish","type":"post","link":"https:\/\/www.almargenweb.com.ar\/web\/la-ucr-de-esperanza-festejo-el-dia-del-nino-frente-a-su-comite\/","title":{"rendered":"La UCR de Esperanza festej\u00f3 el dia del ni\u00f1o frente a su Comit\u00e9"},"content":{"rendered":"<p><img loading=\"lazy\" decoding=\"async\" class=\"aligncenter wp-image-27179 size-full\" src=\"https:\/\/www.almargenweb.com.ar\/web\/wp-content\/uploads\/2018\/08\/FB_IMG_1534813727762.jpg\" alt=\"\" width=\"960\" height=\"540\" srcset=\"https:\/\/www.almargenweb.com.ar\/web\/wp-content\/uploads\/2018\/08\/FB_IMG_1534813727762.jpg 960w, https:\/\/www.almargenweb.com.ar\/web\/wp-content\/uploads\/2018\/08\/FB_IMG_1534813727762-300x169.jpg 300w, https:\/\/www.almargenweb.com.ar\/web\/wp-content\/uploads\/2018\/08\/FB_IMG_1534813727762-768x432.jpg 768w\" sizes=\"auto, (max-width: 960px) 100vw, 960px\" \/><\/p>\n<p>&nbsp;<\/p>\n<p><img loading=\"lazy\" decoding=\"async\" class=\"aligncenter wp-image-27181 size-full\" src=\"https:\/\/www.almargenweb.com.ar\/web\/wp-content\/uploads\/2018\/08\/FB_IMG_1534813667551.jpg\" alt=\"\" width=\"960\" height=\"528\" srcset=\"https:\/\/www.almargenweb.com.ar\/web\/wp-content\/uploads\/2018\/08\/FB_IMG_1534813667551.jpg 960w, https:\/\/www.almargenweb.com.ar\/web\/wp-content\/uploads\/2018\/08\/FB_IMG_1534813667551-300x165.jpg 300w, https:\/\/www.almargenweb.com.ar\/web\/wp-content\/uploads\/2018\/08\/FB_IMG_1534813667551-768x422.jpg 768w\" sizes=\"auto, (max-width: 960px) 100vw, 960px\" \/><\/p>\n<p>&nbsp;<\/p>\n<p>Con la presencia de m\u00e1s de 800 ni\u00f1os de nuestra localidad, los Radicales del sector Neo realizaron el s\u00e1bado el tradicional festejo por el d\u00eda del ni\u00f1o frente a su comit\u00e9 de Av. Colonizadores.<\/p>\n<p>Hubo gran cantidad de sorteos de juguetes, golosinas para todos los chicos y variedad de juegos inflables.<\/p>\n<p>La actividad fue llevada a cabo por decenas de militantes que colaboraron en la realizaci\u00f3n del evento.<\/p>\n<p style=\"padding-left: 30px;\"><img loading=\"lazy\" decoding=\"async\" class=\"aligncenter wp-image-27172 size-large\" src=\"https:\/\/www.almargenweb.com.ar\/web\/wp-content\/uploads\/2018\/08\/FB_IMG_1534795320167-1-1024x768.jpg\" alt=\"\" width=\"640\" height=\"480\" srcset=\"https:\/\/www.almargenweb.com.ar\/web\/wp-content\/uploads\/2018\/08\/FB_IMG_1534795320167-1-1024x768.jpg 1024w, https:\/\/www.almargenweb.com.ar\/web\/wp-content\/uploads\/2018\/08\/FB_IMG_1534795320167-1-300x225.jpg 300w, https:\/\/www.almargenweb.com.ar\/web\/wp-content\/uploads\/2018\/08\/FB_IMG_1534795320167-1-768x576.jpg 768w, https:\/\/www.almargenweb.com.ar\/web\/wp-content\/uploads\/2018\/08\/FB_IMG_1534795320167-1.jpg 1032w\" sizes=\"auto, (max-width: 640px) 100vw, 640px\" \/><\/p>\n<p><img loading=\"lazy\" decoding=\"async\" class=\"aligncenter wp-image-27173 size-large\" src=\"https:\/\/www.almargenweb.com.ar\/web\/wp-content\/uploads\/2018\/08\/FB_IMG_1534795332987-1024x768.jpg\" alt=\"\" width=\"640\" height=\"480\" srcset=\"https:\/\/www.almargenweb.com.ar\/web\/wp-content\/uploads\/2018\/08\/FB_IMG_1534795332987-1024x768.jpg 1024w, https:\/\/www.almargenweb.com.ar\/web\/wp-content\/uploads\/2018\/08\/FB_IMG_1534795332987-300x225.jpg 300w, https:\/\/www.almargenweb.com.ar\/web\/wp-content\/uploads\/2018\/08\/FB_IMG_1534795332987-768x576.jpg 768w, https:\/\/www.almargenweb.com.ar\/web\/wp-content\/uploads\/2018\/08\/FB_IMG_1534795332987.jpg 1032w\" sizes=\"auto, (max-width: 640px) 100vw, 640px\" \/><\/p>\n<p>&nbsp;<\/p>\n<p>&nbsp;<\/p>\n<!-- AddThis Advanced Settings generic via filter on the_content --><!-- AddThis Share Buttons generic via filter on the_content -->","protected":false},"excerpt":{"rendered":"<p>&nbsp; &nbsp; Con la presencia de m\u00e1s de 800 ni\u00f1os de nuestra localidad, los Radicales del [&hellip;]<!-- AddThis Advanced Settings generic via filter on get_the_excerpt --><!-- AddThis Share Buttons generic via filter on get_the_excerpt --><\/p>\n","protected":false},"author":13,"featured_media":27171,"comment_status":"open","ping_status":"open","sticky":false,"template":"","format":"standard","meta":{"_seopress_robots_primary_cat":"","_seopress_titles_title":"","_seopress_titles_desc":"","_seopress_robots_index":"","_themeisle_gutenberg_block_has_review":false,"footnotes":""},"categories":[47],"tags":[],"class_list":["post-27170","post","type-post","status-publish","format-standard","has-post-thumbnail","hentry","category-locales"],"_links":{"self":[{"href":"https:\/\/www.almargenweb.com.ar\/web\/wp-json\/wp\/v2\/posts\/27170","targetHints":{"allow":["GET"]}}],"collection":[{"href":"https:\/\/www.almargenweb.com.ar\/web\/wp-json\/wp\/v2\/posts"}],"about":[{"href":"https:\/\/www.almargenweb.com.ar\/web\/wp-json\/wp\/v2\/types\/post"}],"author":[{"embeddable":true,"href":"https:\/\/www.almargenweb.com.ar\/web\/wp-json\/wp\/v2\/users\/13"}],"replies":[{"embeddable":true,"href":"https:\/\/www.almargenweb.com.ar\/web\/wp-json\/wp\/v2\/comments?post=27170"}],"version-history":[{"count":5,"href":"https:\/\/www.almargenweb.com.ar\/web\/wp-json\/wp\/v2\/posts\/27170\/revisions"}],"predecessor-version":[{"id":27182,"href":"https:\/\/www.almargenweb.com.ar\/web\/wp-json\/wp\/v2\/posts\/27170\/revisions\/27182"}],"wp:featuredmedia":[{"embeddable":true,"href":"https:\/\/www.almargenweb.com.ar\/web\/wp-json\/wp\/v2\/media\/27171"}],"wp:attachment":[{"href":"https:\/\/www.almargenweb.com.ar\/web\/wp-json\/wp\/v2\/media?parent=27170"}],"wp:term":[{"taxonomy":"category","embeddable":true,"href":"https:\/\/www.almargenweb.com.ar\/web\/wp-json\/wp\/v2\/categories?post=27170"},{"taxonomy":"post_tag","embeddable":true,"href":"https:\/\/www.almargenweb.com.ar\/web\/wp-json\/wp\/v2\/tags?post=27170"}],"curies":[{"name":"wp","href":"https:\/\/api.w.org\/{rel}","templated":true}]}}