{"id":27133,"date":"2018-08-16T10:14:21","date_gmt":"2018-08-16T13:14:21","guid":{"rendered":"http:\/\/www.almargenweb.com.ar\/web\/?p=27133"},"modified":"2018-08-16T10:14:21","modified_gmt":"2018-08-16T13:14:21","slug":"por-el-recorte-nacional-del-fondo-sojero-esperanza-pierde-mas-de-11-millones","status":"publish","type":"post","link":"https:\/\/www.almargenweb.com.ar\/web\/por-el-recorte-nacional-del-fondo-sojero-esperanza-pierde-mas-de-11-millones\/","title":{"rendered":"Por el recorte Nacional del Fondo Sojero, Esperanza pierde mas de 11 millones"},"content":{"rendered":"<h3>La decisi\u00f3n de la Naci\u00f3n de cortar los recursos que las provincias recib\u00edan y reenviaban en parte a municipios y comunas hace estragos en las cuentas de pueblos y ciudades. \u00bfLos concejales de Cambiemos defender\u00e1n a los esperancinos o no dir\u00e1n nada?<\/h3>\n<p>Las \u00faltimas decisiones del gobierno nacional comienzan a repercutir en el interior, primero en las provincias y por decantaci\u00f3n en ciudades y pueblos.<\/p>\n<p>\u201cNosotros tenemos presupuestado para el a\u00f1o 2018, de acuerdo a nuestras proyecciones, 2.300 millones de pesos de ingresos en concepto de fondo sojero; un 30 por ciento de eso, algo m\u00e1s de 600 millones, corresponde a transferencias que se realizan a favor de los 363 municipios y comunas para que ejecuten obras\u201d, dijo el ministro de Econom\u00eda de la provincia, Gonzalo Sagione, tras la pol\u00e9mica desatada por la medida de Mauricio Macri y compa\u00f1\u00eda que genera consecuencias impredecibles a lo largo y ancho del pa\u00eds, porque es un duro golpe al federalismo tantas veces proclamado.<\/p>\n<p>&nbsp;<\/p>\n<p><strong>La ciudad<\/strong><\/p>\n<p>Esperanza no est\u00e1 ajena a este decreto que elimin\u00f3 la coparticipaci\u00f3n de esos fondos, por lo que sufrir\u00e1 un duro golpe en cuanto a lo econ\u00f3mico, ya que para este a\u00f1o le correspond\u00edan m\u00e1s de siete millones de pesos y apenas han girado la mitad. Por el resto, bien gracias.<\/p>\n<p>Adem\u00e1s para 2019 las proyecciones dec\u00edan que a Esperanza llegar\u00edan m\u00e1s de 8 millones, por lo que las cuentas son claras: de un plumazo la Naci\u00f3n le quit\u00f3 a todos los habitantes de la capital de Las Colonias m\u00e1s de 11.000.000 de pesos en 18 meses.<\/p>\n<p>Las consecuencias son predecibles, obras p\u00fablicas m\u00e1s lentas y otras medidas no sencillas de tomar en un contexto inflacionario y de ca\u00edda de la recaudaci\u00f3n.<\/p>\n<p>Imaginamos qu\u00e9 los ediles locales de Cambiemos, Andrea Mart\u00ednez y Guillermo Bonvin, ya deben estar redactando un escrito para defender a la ciudad y a sus vecinos, \u00bfo s\u00f3lo pensar\u00e1n en los favores pol\u00edticos?<\/p>\n<p>&nbsp;<\/p>\n<p>&nbsp;<\/p>\n<p>&nbsp;<\/p>\n<p>&nbsp;<\/p>\n<p>&nbsp;<\/p>\n<p>Fuente: Esperancino.com.<\/p>\n<!-- AddThis Advanced Settings generic via filter on the_content --><!-- AddThis Share Buttons generic via filter on the_content -->","protected":false},"excerpt":{"rendered":"<p>La decisi\u00f3n de la Naci\u00f3n de cortar los recursos que las provincias recib\u00edan y reenviaban en [&hellip;]<!-- AddThis Advanced Settings generic via filter on get_the_excerpt --><!-- AddThis Share Buttons generic via filter on get_the_excerpt --><\/p>\n","protected":false},"author":13,"featured_media":27134,"comment_status":"open","ping_status":"open","sticky":false,"template":"","format":"standard","meta":{"_seopress_robots_primary_cat":"","_seopress_titles_title":"","_seopress_titles_desc":"","_seopress_robots_index":"","_themeisle_gutenberg_block_has_review":false,"footnotes":""},"categories":[47],"tags":[],"class_list":["post-27133","post","type-post","status-publish","format-standard","has-post-thumbnail","hentry","category-locales"],"_links":{"self":[{"href":"https:\/\/www.almargenweb.com.ar\/web\/wp-json\/wp\/v2\/posts\/27133","targetHints":{"allow":["GET"]}}],"collection":[{"href":"https:\/\/www.almargenweb.com.ar\/web\/wp-json\/wp\/v2\/posts"}],"about":[{"href":"https:\/\/www.almargenweb.com.ar\/web\/wp-json\/wp\/v2\/types\/post"}],"author":[{"embeddable":true,"href":"https:\/\/www.almargenweb.com.ar\/web\/wp-json\/wp\/v2\/users\/13"}],"replies":[{"embeddable":true,"href":"https:\/\/www.almargenweb.com.ar\/web\/wp-json\/wp\/v2\/comments?post=27133"}],"version-history":[{"count":1,"href":"https:\/\/www.almargenweb.com.ar\/web\/wp-json\/wp\/v2\/posts\/27133\/revisions"}],"predecessor-version":[{"id":27135,"href":"https:\/\/www.almargenweb.com.ar\/web\/wp-json\/wp\/v2\/posts\/27133\/revisions\/27135"}],"wp:featuredmedia":[{"embeddable":true,"href":"https:\/\/www.almargenweb.com.ar\/web\/wp-json\/wp\/v2\/media\/27134"}],"wp:attachment":[{"href":"https:\/\/www.almargenweb.com.ar\/web\/wp-json\/wp\/v2\/media?parent=27133"}],"wp:term":[{"taxonomy":"category","embeddable":true,"href":"https:\/\/www.almargenweb.com.ar\/web\/wp-json\/wp\/v2\/categories?post=27133"},{"taxonomy":"post_tag","embeddable":true,"href":"https:\/\/www.almargenweb.com.ar\/web\/wp-json\/wp\/v2\/tags?post=27133"}],"curies":[{"name":"wp","href":"https:\/\/api.w.org\/{rel}","templated":true}]}}