{"id":27128,"date":"2018-08-15T16:25:37","date_gmt":"2018-08-15T19:25:37","guid":{"rendered":"http:\/\/www.almargenweb.com.ar\/web\/?p=27128"},"modified":"2018-08-15T16:25:37","modified_gmt":"2018-08-15T19:25:37","slug":"fascendini-recorrio-la-obra-en-el-hospital-de-esperanza","status":"publish","type":"post","link":"https:\/\/www.almargenweb.com.ar\/web\/fascendini-recorrio-la-obra-en-el-hospital-de-esperanza\/","title":{"rendered":"FASCENDINI RECORRI\u00d3 LA OBRA EN EL HOSPITAL DE ESPERANZA"},"content":{"rendered":"<p dir=\"ltr\">El vicegobernador de la provincia, Carlos Fascendini, se interioriz\u00f3 sobre la marcha de la obra de renovaci\u00f3n total de los techos en el edificio del Hospital Samco de Esperanza.<\/p>\n<p dir=\"ltr\">Como se recordar\u00e1, el vicegobernador entreg\u00f3 tres millones ciento ochenta mil pesos a la Asociaci\u00f3n Cooperadora que tiene a su cargo la administraci\u00f3n de los fondos que se aplican a esta puesta en valor del establecimiento de salud p\u00fablica.<\/p>\n<p dir=\"ltr\">Fascendini destac\u00f3 al momento de gestionar los recursos que &#8220;es indispensable la renovaci\u00f3n del techado para preservar el edificio que venia teniendo filtraciones que comprob\u00e9 personalmente&#8221;<\/p>\n<p dir=\"ltr\">Por lo tanto se agilizaron los tr\u00e1mites necesarios y se decidi\u00f3 que la Cooperadora, cuya labor es encomiable durante a\u00f1os en el mantenimiento y mejoras del hospital, recibiera la administraci\u00f3n delegada del aporte econ\u00f3mico para el retechado del efector de salud que atiende a ciudadanos de Esperanza y la zona.<\/p>\n<p dir=\"ltr\">&#8220;Es una obra estructural para preservar el edificio y continuar refacciones en el interior&#8221;<\/p>\n<p dir=\"ltr\">&#8220;La salud p\u00fablica es una prioridad de nuestro gobierno y vamos a sostener las inversiones que hacen realidad los nuevos hospitales de alta y media complejidad que venimos poniendo al servicio de los santafesinos en las cinco regiones del territorio&#8221;,<\/p>\n<p dir=\"ltr\">Acompa\u00f1aron al vicegobernador Fascendini en esta recorrida el director del hospital Dr. H\u00e9ctor Soler, el presidente de Asociaci\u00f3n\u00a0 Cooperadora Miguel Gatti y un integrante de la empresa Navarrete que ejecuta los trabajos.<\/p>\n<!-- AddThis Advanced Settings generic via filter on the_content --><!-- AddThis Share Buttons generic via filter on the_content -->","protected":false},"excerpt":{"rendered":"<p>El vicegobernador de la provincia, Carlos Fascendini, se interioriz\u00f3 sobre la marcha de la obra de [&hellip;]<!-- AddThis Advanced Settings generic via filter on get_the_excerpt --><!-- AddThis Share Buttons generic via filter on get_the_excerpt --><\/p>\n","protected":false},"author":13,"featured_media":27129,"comment_status":"open","ping_status":"open","sticky":false,"template":"","format":"standard","meta":{"_seopress_robots_primary_cat":"","_seopress_titles_title":"","_seopress_titles_desc":"","_seopress_robots_index":"","_themeisle_gutenberg_block_has_review":false,"footnotes":""},"categories":[47],"tags":[],"class_list":["post-27128","post","type-post","status-publish","format-standard","has-post-thumbnail","hentry","category-locales"],"_links":{"self":[{"href":"https:\/\/www.almargenweb.com.ar\/web\/wp-json\/wp\/v2\/posts\/27128","targetHints":{"allow":["GET"]}}],"collection":[{"href":"https:\/\/www.almargenweb.com.ar\/web\/wp-json\/wp\/v2\/posts"}],"about":[{"href":"https:\/\/www.almargenweb.com.ar\/web\/wp-json\/wp\/v2\/types\/post"}],"author":[{"embeddable":true,"href":"https:\/\/www.almargenweb.com.ar\/web\/wp-json\/wp\/v2\/users\/13"}],"replies":[{"embeddable":true,"href":"https:\/\/www.almargenweb.com.ar\/web\/wp-json\/wp\/v2\/comments?post=27128"}],"version-history":[{"count":2,"href":"https:\/\/www.almargenweb.com.ar\/web\/wp-json\/wp\/v2\/posts\/27128\/revisions"}],"predecessor-version":[{"id":27131,"href":"https:\/\/www.almargenweb.com.ar\/web\/wp-json\/wp\/v2\/posts\/27128\/revisions\/27131"}],"wp:featuredmedia":[{"embeddable":true,"href":"https:\/\/www.almargenweb.com.ar\/web\/wp-json\/wp\/v2\/media\/27129"}],"wp:attachment":[{"href":"https:\/\/www.almargenweb.com.ar\/web\/wp-json\/wp\/v2\/media?parent=27128"}],"wp:term":[{"taxonomy":"category","embeddable":true,"href":"https:\/\/www.almargenweb.com.ar\/web\/wp-json\/wp\/v2\/categories?post=27128"},{"taxonomy":"post_tag","embeddable":true,"href":"https:\/\/www.almargenweb.com.ar\/web\/wp-json\/wp\/v2\/tags?post=27128"}],"curies":[{"name":"wp","href":"https:\/\/api.w.org\/{rel}","templated":true}]}}