{"id":27123,"date":"2018-08-15T11:27:04","date_gmt":"2018-08-15T14:27:04","guid":{"rendered":"http:\/\/www.almargenweb.com.ar\/web\/?p=27123"},"modified":"2018-08-15T11:27:04","modified_gmt":"2018-08-15T14:27:04","slug":"el-ministro-pedro-morini-junto-a-cristian-cammisi-y-rodrigo-muller-recorrieron-las-obras-de-la-escuela-en-la-orilla","status":"publish","type":"post","link":"https:\/\/www.almargenweb.com.ar\/web\/el-ministro-pedro-morini-junto-a-cristian-cammisi-y-rodrigo-muller-recorrieron-las-obras-de-la-escuela-en-la-orilla\/","title":{"rendered":"El Ministro Pedro Morini junto a Cristian Cammisi y Rodrigo M\u00fcller recorrieron las obras de la Escuela en La Orilla"},"content":{"rendered":"<p>El ministro de Obras P\u00fablicas de la provincia, Pedro Morini,\u00a0encabezo un recorrido por la construcci\u00f3n de la escuela<span id=\"more-28787\"><\/span>\u00a0secundaria de barrio La Orilla.<\/p>\n<p>En esta oportunidad, estuvo acompa\u00f1ado por el coordinador del \u00c1rea Santa Fe, Cristian Cammisi; el gerente de la Asociaci\u00f3n para el Desarrollo, Dr. Rodrigo M\u00fcller; y los concejales Pablo Comesatti (UCR) y Marcelo Dellaporta (PS).<\/p>\n<p>Morini estim\u00f3 que una parte de la escuela estar\u00eda en funcionamiento para 2019. \u201cCreemos que podr\u00eda estar m\u00e1s o menos para abril, estaba para febrero pero alguna demora siempre hay de 30 \u00f3 60 d\u00edas. La curva viene muy bien, estamos casi un punto arriba, en poco m\u00e1s del 13%.<\/p>\n<p>El seguimiento que est\u00e1 haciendo Educaci\u00f3n es muy bueno, esta es una obra que est\u00e1 haciendo el Ministerio de Educaci\u00f3n y uno mira la calidad con que se est\u00e1 construyendo y salta a la vista\u201d, manifest\u00f3.<\/p>\n<p>\u201cUna escuela de este tipo no hay duda que le va a facilitar a muchos chicos hacer la secundaria. Hoy un chico que no tenga c\u00f3mo moverse 50 cuadras no es un tema f\u00e1cil y alguien que no pueda hacer la secundaria en Argentina es condenarlo respecto al futuro\u201d, agreg\u00f3.<\/p>\n<p>Consultado Cristian Cammisi por esta iniciativa, destac\u00f3 la predisposici\u00f3n de los distintos actores pol\u00edticos para llevarla a cabo. \u201cEl di\u00e1logo es fundamental en estos tiempos y en particular escuchar a los vecinos, miles de personas de una amplia zona de Esperanza reclamaban una escuela secundaria y la uni\u00f3n de voluntades permiti\u00f3 esta realidad, que avanza dentro de lo previsto y acercar\u00e1 las soluciones esperadas.<\/p>\n<p>Desde mi lugar converso con los vecinos y con los referentes de instituciones para luego trasladar los temas a las autoridades con la idea de encontrar respuestas\u201d.<\/p>\n<p><img loading=\"lazy\" decoding=\"async\" class=\"aligncenter wp-image-27124 size-full\" src=\"https:\/\/www.almargenweb.com.ar\/web\/wp-content\/uploads\/2018\/08\/IMG-20180815-WA0005.jpg\" alt=\"\" width=\"720\" height=\"479\" srcset=\"https:\/\/www.almargenweb.com.ar\/web\/wp-content\/uploads\/2018\/08\/IMG-20180815-WA0005.jpg 720w, https:\/\/www.almargenweb.com.ar\/web\/wp-content\/uploads\/2018\/08\/IMG-20180815-WA0005-300x200.jpg 300w\" sizes=\"auto, (max-width: 720px) 100vw, 720px\" \/><\/p>\n<p>&nbsp;<\/p>\n<p>&nbsp;<\/p>\n<p><img loading=\"lazy\" decoding=\"async\" class=\"aligncenter wp-image-27125 size-full\" src=\"https:\/\/www.almargenweb.com.ar\/web\/wp-content\/uploads\/2018\/08\/IMG-20180815-WA0004.jpg\" alt=\"\" width=\"720\" height=\"479\" srcset=\"https:\/\/www.almargenweb.com.ar\/web\/wp-content\/uploads\/2018\/08\/IMG-20180815-WA0004.jpg 720w, https:\/\/www.almargenweb.com.ar\/web\/wp-content\/uploads\/2018\/08\/IMG-20180815-WA0004-300x200.jpg 300w\" sizes=\"auto, (max-width: 720px) 100vw, 720px\" \/><\/p>\n<p>&nbsp;<\/p>\n<p>&nbsp;<\/p>\n<p>Fuente: Esperancino.com.<\/p>\n<!-- AddThis Advanced Settings generic via filter on the_content --><!-- AddThis Share Buttons generic via filter on the_content -->","protected":false},"excerpt":{"rendered":"<p>El ministro de Obras P\u00fablicas de la provincia, Pedro Morini,\u00a0encabezo un recorrido por la construcci\u00f3n de [&hellip;]<!-- AddThis Advanced Settings generic via filter on get_the_excerpt --><!-- AddThis Share Buttons generic via filter on get_the_excerpt --><\/p>\n","protected":false},"author":13,"featured_media":27126,"comment_status":"open","ping_status":"open","sticky":false,"template":"","format":"standard","meta":{"_seopress_robots_primary_cat":"","_seopress_titles_title":"","_seopress_titles_desc":"","_seopress_robots_index":"","_themeisle_gutenberg_block_has_review":false,"footnotes":""},"categories":[47],"tags":[],"class_list":["post-27123","post","type-post","status-publish","format-standard","has-post-thumbnail","hentry","category-locales"],"_links":{"self":[{"href":"https:\/\/www.almargenweb.com.ar\/web\/wp-json\/wp\/v2\/posts\/27123","targetHints":{"allow":["GET"]}}],"collection":[{"href":"https:\/\/www.almargenweb.com.ar\/web\/wp-json\/wp\/v2\/posts"}],"about":[{"href":"https:\/\/www.almargenweb.com.ar\/web\/wp-json\/wp\/v2\/types\/post"}],"author":[{"embeddable":true,"href":"https:\/\/www.almargenweb.com.ar\/web\/wp-json\/wp\/v2\/users\/13"}],"replies":[{"embeddable":true,"href":"https:\/\/www.almargenweb.com.ar\/web\/wp-json\/wp\/v2\/comments?post=27123"}],"version-history":[{"count":1,"href":"https:\/\/www.almargenweb.com.ar\/web\/wp-json\/wp\/v2\/posts\/27123\/revisions"}],"predecessor-version":[{"id":27127,"href":"https:\/\/www.almargenweb.com.ar\/web\/wp-json\/wp\/v2\/posts\/27123\/revisions\/27127"}],"wp:featuredmedia":[{"embeddable":true,"href":"https:\/\/www.almargenweb.com.ar\/web\/wp-json\/wp\/v2\/media\/27126"}],"wp:attachment":[{"href":"https:\/\/www.almargenweb.com.ar\/web\/wp-json\/wp\/v2\/media?parent=27123"}],"wp:term":[{"taxonomy":"category","embeddable":true,"href":"https:\/\/www.almargenweb.com.ar\/web\/wp-json\/wp\/v2\/categories?post=27123"},{"taxonomy":"post_tag","embeddable":true,"href":"https:\/\/www.almargenweb.com.ar\/web\/wp-json\/wp\/v2\/tags?post=27123"}],"curies":[{"name":"wp","href":"https:\/\/api.w.org\/{rel}","templated":true}]}}