{"id":27076,"date":"2018-08-13T10:22:24","date_gmt":"2018-08-13T13:22:24","guid":{"rendered":"http:\/\/www.almargenweb.com.ar\/web\/?p=27076"},"modified":"2018-08-13T10:22:24","modified_gmt":"2018-08-13T13:22:24","slug":"la-provincia-coordina-acciones-para-la-proteccion-de-la-fauna-autoctona","status":"publish","type":"post","link":"https:\/\/www.almargenweb.com.ar\/web\/la-provincia-coordina-acciones-para-la-proteccion-de-la-fauna-autoctona\/","title":{"rendered":"LA PROVINCIA COORDINA ACCIONES PARA LA PROTECCI\u00d3N DE LA FAUNA AUT\u00d3CTONA"},"content":{"rendered":"<h3>Se coloc\u00f3 se\u00f1alizaci\u00f3n preventiva para evitar colisiones de fauna silvestre, en especial de Aguar\u00e1 Guaz\u00fa.<\/h3>\n<p><img loading=\"lazy\" decoding=\"async\" class=\"alignnone wp-image-27078 size-large\" src=\"https:\/\/www.almargenweb.com.ar\/web\/wp-content\/uploads\/2018\/08\/2018-08-12NID_262549O_2-1024x576.jpeg\" alt=\"\" width=\"640\" height=\"360\" srcset=\"https:\/\/www.almargenweb.com.ar\/web\/wp-content\/uploads\/2018\/08\/2018-08-12NID_262549O_2-1024x576.jpeg 1024w, https:\/\/www.almargenweb.com.ar\/web\/wp-content\/uploads\/2018\/08\/2018-08-12NID_262549O_2-300x169.jpeg 300w, https:\/\/www.almargenweb.com.ar\/web\/wp-content\/uploads\/2018\/08\/2018-08-12NID_262549O_2-768x432.jpeg 768w, https:\/\/www.almargenweb.com.ar\/web\/wp-content\/uploads\/2018\/08\/2018-08-12NID_262549O_2.jpeg 1200w\" sizes=\"auto, (max-width: 640px) 100vw, 640px\" \/><\/p>\n<p>El gobierno de la provincia de Santa Fe, a trav\u00e9s de los Ministerios de Medio Ambiente y de la Producci\u00f3n; y del Museo de Ciencias Naturales Florentino Ameghino, lleva adelante una serie de acciones para\u00a0 la conservaci\u00f3n de la fauna silvestre, en especia del Aguar\u00e1 Guaz\u00fa (Chrysocyon brachyurus.<\/p>\n<p>En ese marco, se puso en marcha un plan de se\u00f1alizaci\u00f3n preventiva de atropellamientos de animales silvestres, haciendo \u00e9nfasis en Aguar\u00e1 guaz\u00fa, especie declarada Monumento Natural Provincial por Ley N\u00b0 12.182.<\/p>\n<p>El subsecretario de Recursos Naturales, Alejandro Larriera, se\u00f1al\u00f3 que \u201cla colisi\u00f3n vehicular es una de las causas evitables de mortalidad del Aguar\u00e1 Guaz\u00fa. A trav\u00e9s del trabajo conjunto de diferentes \u00e1reas del gobierno provincial se ha detectado que la mayor\u00eda de los siniestros ocurren en el centro &#8211; norte de la provincia. En ese sentido, esta primera etapa de se\u00f1alizaci\u00f3n vial preventiva surge como una medida que ayudar\u00e1 a reducir la p\u00e9rdida de individuos y contribuir a la conservaci\u00f3n de la especie\u201d.<\/p>\n<p>\u201cAdem\u00e1s, el Ministerio de Desarrollo y Ambiente Sustentable de la Naci\u00f3n, en el marco del Plan Extinci\u00f3n Cero, incluy\u00f3 entre las especies protegidas, por iniciativa de Santa Fe, al Aguar\u00e1 Guaz\u00fa, el cardenal amarillo y el \u00e1guila coronada\u201d.<\/p>\n<p><strong>TRABAJO CONJUNTO<\/strong><br \/>\nDel desarrollo y la puesta en marcha del plan de se\u00f1alizaci\u00f3n participaron personal t\u00e9cnico de\u00a0 la subdirecci\u00f3n General de Ecolog\u00eda del Ministerio de la Producci\u00f3n; del Ministerio de Medio Ambiente; del Museo de Ciencias Naturales Florentino Ameghino; con la colaboraci\u00f3n del equipo de asesores del diputado provincial, Omar Mart\u00ednez; la direcci\u00f3n provincial de Vialidad y el Museo de Ciencias Naturales del departamento San Crist\u00f3bal.<\/p>\n<p><strong>EL PLAN<\/strong><br \/>\nEn esta primera etapa, el plan contempla la se\u00f1alizaci\u00f3n de 700 kil\u00f3metros de rutas provinciales, en las que se\u00a0 incluye la Ruta 1 desde Santa Fe a Reconquista; la Ruta 2 desde San Crist\u00f3bal hasta Tostado; la Ruta 4 desde La Pelada a San Crist\u00f3bal; y la Ruta 39 desde San Crist\u00f3bal a Arrufo.<\/p>\n<p>&nbsp;<\/p>\n<!-- AddThis Advanced Settings generic via filter on the_content --><!-- AddThis Share Buttons generic via filter on the_content -->","protected":false},"excerpt":{"rendered":"<p>Se coloc\u00f3 se\u00f1alizaci\u00f3n preventiva para evitar colisiones de fauna silvestre, en especial de Aguar\u00e1 Guaz\u00fa. El [&hellip;]<!-- AddThis Advanced Settings generic via filter on get_the_excerpt --><!-- AddThis Share Buttons generic via filter on get_the_excerpt --><\/p>\n","protected":false},"author":13,"featured_media":27077,"comment_status":"open","ping_status":"open","sticky":false,"template":"","format":"standard","meta":{"_seopress_robots_primary_cat":"","_seopress_titles_title":"","_seopress_titles_desc":"","_seopress_robots_index":"","_themeisle_gutenberg_block_has_review":false,"footnotes":""},"categories":[48],"tags":[],"class_list":["post-27076","post","type-post","status-publish","format-standard","has-post-thumbnail","hentry","category-provinciales"],"_links":{"self":[{"href":"https:\/\/www.almargenweb.com.ar\/web\/wp-json\/wp\/v2\/posts\/27076","targetHints":{"allow":["GET"]}}],"collection":[{"href":"https:\/\/www.almargenweb.com.ar\/web\/wp-json\/wp\/v2\/posts"}],"about":[{"href":"https:\/\/www.almargenweb.com.ar\/web\/wp-json\/wp\/v2\/types\/post"}],"author":[{"embeddable":true,"href":"https:\/\/www.almargenweb.com.ar\/web\/wp-json\/wp\/v2\/users\/13"}],"replies":[{"embeddable":true,"href":"https:\/\/www.almargenweb.com.ar\/web\/wp-json\/wp\/v2\/comments?post=27076"}],"version-history":[{"count":1,"href":"https:\/\/www.almargenweb.com.ar\/web\/wp-json\/wp\/v2\/posts\/27076\/revisions"}],"predecessor-version":[{"id":27079,"href":"https:\/\/www.almargenweb.com.ar\/web\/wp-json\/wp\/v2\/posts\/27076\/revisions\/27079"}],"wp:featuredmedia":[{"embeddable":true,"href":"https:\/\/www.almargenweb.com.ar\/web\/wp-json\/wp\/v2\/media\/27077"}],"wp:attachment":[{"href":"https:\/\/www.almargenweb.com.ar\/web\/wp-json\/wp\/v2\/media?parent=27076"}],"wp:term":[{"taxonomy":"category","embeddable":true,"href":"https:\/\/www.almargenweb.com.ar\/web\/wp-json\/wp\/v2\/categories?post=27076"},{"taxonomy":"post_tag","embeddable":true,"href":"https:\/\/www.almargenweb.com.ar\/web\/wp-json\/wp\/v2\/tags?post=27076"}],"curies":[{"name":"wp","href":"https:\/\/api.w.org\/{rel}","templated":true}]}}