{"id":27050,"date":"2018-08-09T17:05:18","date_gmt":"2018-08-09T20:05:18","guid":{"rendered":"http:\/\/www.almargenweb.com.ar\/web\/?p=27050"},"modified":"2018-08-09T17:05:18","modified_gmt":"2018-08-09T20:05:18","slug":"lifschitz-a-perotti-no-puede-aspirar-a-gobernador-si-no-toma-decisiones","status":"publish","type":"post","link":"https:\/\/www.almargenweb.com.ar\/web\/lifschitz-a-perotti-no-puede-aspirar-a-gobernador-si-no-toma-decisiones\/","title":{"rendered":"Lifschitz a Perotti: &#8220;No puede aspirar a gobernador si no toma decisiones&#8221;"},"content":{"rendered":"<div class=\"entry-single-excerpt\">\n<h3>El gobernador critic\u00f3 al senador nacional por su abstenci\u00f3n a la hora de votar la despenalizaci\u00f3n del aborto en el Congreso. Por otra parte, asegur\u00f3 que la iniciativa ser\u00e1 ley &#8220;m\u00e1s temprano que tarde&#8221;<\/h3>\n<p>El gobernador Miguel Lifschitz cruz\u00f3 este jueves al senador nacional Omar Perotti por su abstenci\u00f3n a la hora de votar la despenalizaci\u00f3n del aborto en el Congreso. &#8220;La responsabilidad de la pol\u00edtica no es especular, si no definir, tomar posici\u00f3n sobre los temas&#8221;, coment\u00f3. Por otra parte, afirm\u00f3 que &#8220;m\u00e1s temprano que tarde&#8221; va a salir el proyecto de interrupci\u00f3n voluntaria del embarazo.<\/p>\n<p>En di\u00e1logo con medios de comunicaci\u00f3n, entre ellos Radio 2 y El Tres, el mandatario provincial dijo que lamenta\u00a0la postura que tom\u00f3 Perotti en la discusi\u00f3n del proyecto de ley. &#8220;Fue el \u00fanico que no tom\u00f3 posici\u00f3n. No se puede aspirar a ser gobernador si no se pueden tomar decisiones&#8221;, dispar\u00f3.<\/p>\n<p>&#8220;Preocupa que la dirigencia frente a estos desaf\u00edos no asuma sus responsabilidades&#8221;, subray\u00f3.<\/p>\n<p>Para Lifschitz, los discursos de los senadores fueron &#8220;pobres de argumentos&#8221;. Agreg\u00f3 que el resultado de la votaci\u00f3n &#8220;estaba cantado desde d\u00edas anteriores&#8221;. &#8220;Sirvi\u00f3 para demostrar que hay una sociedad civil activa y presente, que quiere una Argentina distinta. Ojal\u00e1 sea advertido por la pol\u00edtica&#8221;, opin\u00f3.<\/p>\n<p>No obstante, el gobernador consider\u00f3 que la iniciativa de aborto legal tendr\u00e1 &#8220;reconocimiento jur\u00eddico m\u00e1s temprano que tarde&#8221;. &#8220;Es un logro la lucha que llevaron las organizaciones, dirigentes pol\u00edticos, la juventud y mujeres&#8221;, a\u00f1adi\u00f3.<\/p>\n<p>&nbsp;<\/p>\n<\/div>\n<div class=\"entry-single-bar clearfix\">\n<div class=\"entry-published\"><\/div>\n<\/div>\n<!-- AddThis Advanced Settings generic via filter on the_content --><!-- AddThis Share Buttons generic via filter on the_content -->","protected":false},"excerpt":{"rendered":"<p>El gobernador critic\u00f3 al senador nacional por su abstenci\u00f3n a la hora de votar la despenalizaci\u00f3n [&hellip;]<!-- AddThis Advanced Settings generic via filter on get_the_excerpt --><!-- AddThis Share Buttons generic via filter on get_the_excerpt --><\/p>\n","protected":false},"author":13,"featured_media":27051,"comment_status":"open","ping_status":"open","sticky":false,"template":"","format":"standard","meta":{"_seopress_robots_primary_cat":"","_seopress_titles_title":"","_seopress_titles_desc":"","_seopress_robots_index":"","_themeisle_gutenberg_block_has_review":false,"footnotes":""},"categories":[48],"tags":[],"class_list":["post-27050","post","type-post","status-publish","format-standard","has-post-thumbnail","hentry","category-provinciales"],"_links":{"self":[{"href":"https:\/\/www.almargenweb.com.ar\/web\/wp-json\/wp\/v2\/posts\/27050","targetHints":{"allow":["GET"]}}],"collection":[{"href":"https:\/\/www.almargenweb.com.ar\/web\/wp-json\/wp\/v2\/posts"}],"about":[{"href":"https:\/\/www.almargenweb.com.ar\/web\/wp-json\/wp\/v2\/types\/post"}],"author":[{"embeddable":true,"href":"https:\/\/www.almargenweb.com.ar\/web\/wp-json\/wp\/v2\/users\/13"}],"replies":[{"embeddable":true,"href":"https:\/\/www.almargenweb.com.ar\/web\/wp-json\/wp\/v2\/comments?post=27050"}],"version-history":[{"count":1,"href":"https:\/\/www.almargenweb.com.ar\/web\/wp-json\/wp\/v2\/posts\/27050\/revisions"}],"predecessor-version":[{"id":27052,"href":"https:\/\/www.almargenweb.com.ar\/web\/wp-json\/wp\/v2\/posts\/27050\/revisions\/27052"}],"wp:featuredmedia":[{"embeddable":true,"href":"https:\/\/www.almargenweb.com.ar\/web\/wp-json\/wp\/v2\/media\/27051"}],"wp:attachment":[{"href":"https:\/\/www.almargenweb.com.ar\/web\/wp-json\/wp\/v2\/media?parent=27050"}],"wp:term":[{"taxonomy":"category","embeddable":true,"href":"https:\/\/www.almargenweb.com.ar\/web\/wp-json\/wp\/v2\/categories?post=27050"},{"taxonomy":"post_tag","embeddable":true,"href":"https:\/\/www.almargenweb.com.ar\/web\/wp-json\/wp\/v2\/tags?post=27050"}],"curies":[{"name":"wp","href":"https:\/\/api.w.org\/{rel}","templated":true}]}}