{"id":27043,"date":"2018-08-09T12:45:36","date_gmt":"2018-08-09T15:45:36","guid":{"rendered":"http:\/\/www.almargenweb.com.ar\/web\/?p=27043"},"modified":"2018-08-09T17:14:07","modified_gmt":"2018-08-09T20:14:07","slug":"formar-para-el-empleo-inscriben-a-curso-de-formacion-de-acompanantes-no-terapeuticos","status":"publish","type":"post","link":"https:\/\/www.almargenweb.com.ar\/web\/formar-para-el-empleo-inscriben-a-curso-de-formacion-de-acompanantes-no-terapeuticos\/","title":{"rendered":"FORMAR PARA EL EMPLEO: \u201cINSCRIBEN A CURSO DE FORMACI\u00d3N DE ACOMPA\u00d1ANTES NO TERAP\u00c9UTICOS\u201d"},"content":{"rendered":"\r\n<p>&nbsp;<\/p>\r\n\r\n\r\n\r\n<p>Hasta el 28 de agosto, en la Asociaci\u00f3n para el Desarrollo, sita en 3 de Febrero 1750 de la<br \/>ciudad de Esperanza, se recibir\u00e1n inscripciones y brindar\u00e1 la m\u00e1s completa informaci\u00f3n sobre<br \/>un curso de capacitaci\u00f3n de acompa\u00f1antes no terap\u00e9uticos para apoyo o sustituci\u00f3n de<br \/>actividades de la vida diaria de personas que por motivos de edad avanzada, fragilidad o<br \/>dependencia no pueden hacerlas por s\u00ed solas.<br \/>Al mismo tiempo adquirir\u00e1 competencias en higiene y confort, alimentaci\u00f3n, recreaci\u00f3n y<br \/>gesti\u00f3n de tr\u00e1mites administrativos. Para que las prestaciones sean eficientes, continuas y<br \/>planificadas siempre estar\u00e1n bajo supervisi\u00f3n profesional.<br \/>El ingresante deber\u00e1 tener completo el ciclo de Educaci\u00f3n Primaria. Para mayor informaci\u00f3n<br \/>sobre sobre el dictado de la capacitaci\u00f3n y su din\u00e1mica dirigirse al doctor Rodrigo M\u00fcller en la<br \/>Asociaci\u00f3n para el Desarrollo quien coordina esta iniciativa fruto del convenio entre la<br \/>Secretar\u00eda de Integraci\u00f3n Social del Ministerio de Desarrollo Social de la provincia y los<br \/>gobiernos locales y organizaciones de la sociedad para formar a los trabajadores del campo<br \/>gerontol\u00f3gico y contribuir a una mejor calidad de vida de los adultos mayores del territorio<br \/>santafesino.<\/p>\r\n<!-- AddThis Advanced Settings generic via filter on the_content --><!-- AddThis Share Buttons generic via filter on the_content -->","protected":false},"excerpt":{"rendered":"<p>&nbsp; Hasta el 28 de agosto, en la Asociaci\u00f3n para el Desarrollo, sita en 3 de [&hellip;]<!-- AddThis Advanced Settings generic via filter on get_the_excerpt --><!-- AddThis Share Buttons generic via filter on get_the_excerpt --><\/p>\n","protected":false},"author":14,"featured_media":27044,"comment_status":"open","ping_status":"open","sticky":false,"template":"","format":"standard","meta":{"_seopress_robots_primary_cat":"","_seopress_titles_title":"","_seopress_titles_desc":"","_seopress_robots_index":"","_themeisle_gutenberg_block_has_review":false,"footnotes":""},"categories":[1],"tags":[],"class_list":["post-27043","post","type-post","status-publish","format-standard","has-post-thumbnail","hentry","category-sin-categoria"],"_links":{"self":[{"href":"https:\/\/www.almargenweb.com.ar\/web\/wp-json\/wp\/v2\/posts\/27043","targetHints":{"allow":["GET"]}}],"collection":[{"href":"https:\/\/www.almargenweb.com.ar\/web\/wp-json\/wp\/v2\/posts"}],"about":[{"href":"https:\/\/www.almargenweb.com.ar\/web\/wp-json\/wp\/v2\/types\/post"}],"author":[{"embeddable":true,"href":"https:\/\/www.almargenweb.com.ar\/web\/wp-json\/wp\/v2\/users\/14"}],"replies":[{"embeddable":true,"href":"https:\/\/www.almargenweb.com.ar\/web\/wp-json\/wp\/v2\/comments?post=27043"}],"version-history":[{"count":2,"href":"https:\/\/www.almargenweb.com.ar\/web\/wp-json\/wp\/v2\/posts\/27043\/revisions"}],"predecessor-version":[{"id":27053,"href":"https:\/\/www.almargenweb.com.ar\/web\/wp-json\/wp\/v2\/posts\/27043\/revisions\/27053"}],"wp:featuredmedia":[{"embeddable":true,"href":"https:\/\/www.almargenweb.com.ar\/web\/wp-json\/wp\/v2\/media\/27044"}],"wp:attachment":[{"href":"https:\/\/www.almargenweb.com.ar\/web\/wp-json\/wp\/v2\/media?parent=27043"}],"wp:term":[{"taxonomy":"category","embeddable":true,"href":"https:\/\/www.almargenweb.com.ar\/web\/wp-json\/wp\/v2\/categories?post=27043"},{"taxonomy":"post_tag","embeddable":true,"href":"https:\/\/www.almargenweb.com.ar\/web\/wp-json\/wp\/v2\/tags?post=27043"}],"curies":[{"name":"wp","href":"https:\/\/api.w.org\/{rel}","templated":true}]}}