{"id":27013,"date":"2018-08-08T09:27:56","date_gmt":"2018-08-08T12:27:56","guid":{"rendered":"http:\/\/www.almargenweb.com.ar\/web\/?p=27013"},"modified":"2018-08-09T17:13:13","modified_gmt":"2018-08-09T20:13:13","slug":"campana-de-prevencion-del-cancer-de-colon-en-esperanza","status":"publish","type":"post","link":"https:\/\/www.almargenweb.com.ar\/web\/campana-de-prevencion-del-cancer-de-colon-en-esperanza\/","title":{"rendered":"Campa\u00f1a de prevenci\u00f3n del c\u00e1ncer de colon en Esperanza"},"content":{"rendered":"\n<p>Campa\u00f1a de\u00a0<strong>prevenci\u00f3n del c\u00e1ncer de colon en Esperanza<\/strong>. Ser\u00e1 mediante la distribuci\u00f3n de tests para la detecci\u00f3n temprana de la enfermedad. La actividad se replicar\u00e1 todos los mi\u00e9rcoles del mes.<\/p>\n\n\n\n<p>El Ministerio de Salud de la provincia, a trav\u00e9s de la Agencia de Control del C\u00e1ncer, realizar\u00e1\u00a0este mi\u00e9rcoles 8 de agosto en\u00a0Esperanza, una jornada de difusi\u00f3n sobre el c\u00e1ncer de colon. La actividad se repetir\u00e1 todos los mi\u00e9rcoles de este mes.<\/p>\n\n\n\n<p>Los profesionales del hospital Samco Dr. Daniel Alonso Criado y de los centros de salud de los barrios<strong>\u00a0La Orilla<\/strong>,\u00a0<strong>Los Troncos<\/strong>,\u00a0<strong>Barrio Unidos<\/strong>\u00a0y\u00a0<strong>Empalme San Carlos<\/strong>, llevar\u00e1n adelante una campa\u00f1a de prevenci\u00f3n y detecci\u00f3n temprana de posibles casos de c\u00e1ncer de colon, destinada a\u00a0<strong>hombres y mujeres de entre 50 y 70 a\u00f1os<\/strong>, mediante la distribuci\u00f3n del test de sangre oculta en materia fecal, estudio indicado para la prevenci\u00f3n y detecci\u00f3n temprana de esta enfermedad.<\/p>\n\n\n\n<p>Asimismo, y con la colaboraci\u00f3n de voluntarias de la Liga Argentina de Lucha contra el C\u00e1ncer (Lalcec) Esperanza, los trabajadores de los centros de salud se ubicar\u00e1n en la esquina de la Ruta Provincial 6 y Avenida Argentina, entregando material informativo sobre el c\u00e1ncer de colon y recto, y los modos de prevenirlo.<\/p>\n\n\n\n<h2 class=\"wp-block-heading\">C\u00e1ncer colorrectal<\/h2>\n\n\n\n<p>Es uno de los tumores malignos m\u00e1s frecuentes que en Argentina y en la provincia de Santa Fe se constituye como la\u00a0<strong>segunda causa de muerte por c\u00e1ncer<\/strong>. Este tipo de tumor es f\u00e1cilmente prevenible, cuando se hace una detecci\u00f3n temprana de las posibles lesiones precursoras, como algunos tipos de p\u00f3lipos o adenomas.<\/p>\n\n\n\n<p>Cuando el c\u00e1ncer colorrectal es detectado en etapas tempranas, las\u00a0<strong>posibilidades de cura aumentan a m\u00e1s de un 90%<\/strong>. El acceso oportuno al diagn\u00f3stico temprano es una pol\u00edtica de salud que la Agencia de Control del C\u00e1ncer impulsa para la poblaci\u00f3n santafesina, mediante la distribuci\u00f3n de estos tests que detectan la presencia de sangre en materia fecal, signo de lesiones col\u00f3nicas que requieren mayor estudio. Se trata de un sencillo an\u00e1lisis que no produce molestias, no requiere dieta previa y se realiza de manera gratuita en efectores de salud.<\/p>\n\n\n\n<p><\/p>\n\n\n\n<p><\/p>\n\n\n\n<p>Fuente: Play Tv.<\/p>\n<!-- AddThis Advanced Settings generic via filter on the_content --><!-- AddThis Share Buttons generic via filter on the_content -->","protected":false},"excerpt":{"rendered":"<p>Campa\u00f1a de\u00a0prevenci\u00f3n del c\u00e1ncer de colon en Esperanza. Ser\u00e1 mediante la distribuci\u00f3n de tests para la [&hellip;]<!-- AddThis Advanced Settings generic via filter on get_the_excerpt --><!-- AddThis Share Buttons generic via filter on get_the_excerpt --><\/p>\n","protected":false},"author":13,"featured_media":27014,"comment_status":"open","ping_status":"open","sticky":false,"template":"","format":"standard","meta":{"_seopress_robots_primary_cat":"","_seopress_titles_title":"","_seopress_titles_desc":"","_seopress_robots_index":"","_themeisle_gutenberg_block_has_review":false,"footnotes":""},"categories":[47],"tags":[],"class_list":["post-27013","post","type-post","status-publish","format-standard","has-post-thumbnail","hentry","category-locales"],"_links":{"self":[{"href":"https:\/\/www.almargenweb.com.ar\/web\/wp-json\/wp\/v2\/posts\/27013","targetHints":{"allow":["GET"]}}],"collection":[{"href":"https:\/\/www.almargenweb.com.ar\/web\/wp-json\/wp\/v2\/posts"}],"about":[{"href":"https:\/\/www.almargenweb.com.ar\/web\/wp-json\/wp\/v2\/types\/post"}],"author":[{"embeddable":true,"href":"https:\/\/www.almargenweb.com.ar\/web\/wp-json\/wp\/v2\/users\/13"}],"replies":[{"embeddable":true,"href":"https:\/\/www.almargenweb.com.ar\/web\/wp-json\/wp\/v2\/comments?post=27013"}],"version-history":[{"count":2,"href":"https:\/\/www.almargenweb.com.ar\/web\/wp-json\/wp\/v2\/posts\/27013\/revisions"}],"predecessor-version":[{"id":27017,"href":"https:\/\/www.almargenweb.com.ar\/web\/wp-json\/wp\/v2\/posts\/27013\/revisions\/27017"}],"wp:featuredmedia":[{"embeddable":true,"href":"https:\/\/www.almargenweb.com.ar\/web\/wp-json\/wp\/v2\/media\/27014"}],"wp:attachment":[{"href":"https:\/\/www.almargenweb.com.ar\/web\/wp-json\/wp\/v2\/media?parent=27013"}],"wp:term":[{"taxonomy":"category","embeddable":true,"href":"https:\/\/www.almargenweb.com.ar\/web\/wp-json\/wp\/v2\/categories?post=27013"},{"taxonomy":"post_tag","embeddable":true,"href":"https:\/\/www.almargenweb.com.ar\/web\/wp-json\/wp\/v2\/tags?post=27013"}],"curies":[{"name":"wp","href":"https:\/\/api.w.org\/{rel}","templated":true}]}}