{"id":26990,"date":"2018-08-07T12:21:36","date_gmt":"2018-08-07T15:21:36","guid":{"rendered":"http:\/\/www.almargenweb.com.ar\/web\/?p=26990"},"modified":"2018-08-07T12:21:36","modified_gmt":"2018-08-07T15:21:36","slug":"un-camion-embistio-la-cabina-de-peaje-de-la-ruta-6","status":"publish","type":"post","link":"https:\/\/www.almargenweb.com.ar\/web\/un-camion-embistio-la-cabina-de-peaje-de-la-ruta-6\/","title":{"rendered":"Un cami\u00f3n embisti\u00f3 la cabina de peaje de la Ruta 6"},"content":{"rendered":"<p><strong>Un cami\u00f3n arranc\u00f3 la cabina de peaje de Ruta 6<\/strong>. Ocurri\u00f3 alrededor de la medianoche de este lunes en el Corredor Vial 9, cuando el veh\u00edculo enganch\u00f3 la estructura<\/p>\n<p>En la noche de este lunes,\u00a0<strong>un cami\u00f3n arranc\u00f3 la cabina de peaje de Ruta 6<\/strong>. El veh\u00edculo sac\u00f3 por completo la estructura, tal como lo muestra la imagen que ilustra esta nota.<\/p>\n<p>El incidente pudo haber sido mucho m\u00e1s grave, pero afortunadamente,\u00a0en ese momento\u00a0<strong>no hab\u00eda ning\u00fan empleado en\u00a0el interior<\/strong>\u00a0de la cabina, por lo que s\u00f3lo se registraron da\u00f1os materiales.<\/p>\n<p>Seg\u00fan\u00a0los testigos del hecho,\u00a0un cami\u00f3n con acoplado que trasladaba un tractor habr\u00eda enganchado la cabina y arrancado por completo la estructura.<\/p>\n<p>Como se observa en las im\u00e1genes los da\u00f1os fueron totales para la estructura que deber\u00e1 ser reemplazada.<\/p>\n<p>&nbsp;<\/p>\n<p>&nbsp;<\/p>\n<p>Fuente: Play Tv.<\/p>\n<!-- AddThis Advanced Settings generic via filter on the_content --><!-- AddThis Share Buttons generic via filter on the_content -->","protected":false},"excerpt":{"rendered":"<p>Un cami\u00f3n arranc\u00f3 la cabina de peaje de Ruta 6. Ocurri\u00f3 alrededor de la medianoche de [&hellip;]<!-- AddThis Advanced Settings generic via filter on get_the_excerpt --><!-- AddThis Share Buttons generic via filter on get_the_excerpt --><\/p>\n","protected":false},"author":13,"featured_media":26993,"comment_status":"open","ping_status":"open","sticky":false,"template":"","format":"standard","meta":{"_seopress_robots_primary_cat":"","_seopress_titles_title":"","_seopress_titles_desc":"","_seopress_robots_index":"","_themeisle_gutenberg_block_has_review":false,"footnotes":""},"categories":[47],"tags":[],"class_list":["post-26990","post","type-post","status-publish","format-standard","has-post-thumbnail","hentry","category-locales"],"_links":{"self":[{"href":"https:\/\/www.almargenweb.com.ar\/web\/wp-json\/wp\/v2\/posts\/26990","targetHints":{"allow":["GET"]}}],"collection":[{"href":"https:\/\/www.almargenweb.com.ar\/web\/wp-json\/wp\/v2\/posts"}],"about":[{"href":"https:\/\/www.almargenweb.com.ar\/web\/wp-json\/wp\/v2\/types\/post"}],"author":[{"embeddable":true,"href":"https:\/\/www.almargenweb.com.ar\/web\/wp-json\/wp\/v2\/users\/13"}],"replies":[{"embeddable":true,"href":"https:\/\/www.almargenweb.com.ar\/web\/wp-json\/wp\/v2\/comments?post=26990"}],"version-history":[{"count":2,"href":"https:\/\/www.almargenweb.com.ar\/web\/wp-json\/wp\/v2\/posts\/26990\/revisions"}],"predecessor-version":[{"id":26995,"href":"https:\/\/www.almargenweb.com.ar\/web\/wp-json\/wp\/v2\/posts\/26990\/revisions\/26995"}],"wp:featuredmedia":[{"embeddable":true,"href":"https:\/\/www.almargenweb.com.ar\/web\/wp-json\/wp\/v2\/media\/26993"}],"wp:attachment":[{"href":"https:\/\/www.almargenweb.com.ar\/web\/wp-json\/wp\/v2\/media?parent=26990"}],"wp:term":[{"taxonomy":"category","embeddable":true,"href":"https:\/\/www.almargenweb.com.ar\/web\/wp-json\/wp\/v2\/categories?post=26990"},{"taxonomy":"post_tag","embeddable":true,"href":"https:\/\/www.almargenweb.com.ar\/web\/wp-json\/wp\/v2\/tags?post=26990"}],"curies":[{"name":"wp","href":"https:\/\/api.w.org\/{rel}","templated":true}]}}