{"id":26984,"date":"2018-08-07T12:06:17","date_gmt":"2018-08-07T15:06:17","guid":{"rendered":"http:\/\/www.almargenweb.com.ar\/web\/?p=26984"},"modified":"2018-08-07T12:06:17","modified_gmt":"2018-08-07T15:06:17","slug":"la-secretaria-de-turismo-de-la-provincia-informo-sobre-la-situacion-de-la-empresa-snow-travel","status":"publish","type":"post","link":"https:\/\/www.almargenweb.com.ar\/web\/la-secretaria-de-turismo-de-la-provincia-informo-sobre-la-situacion-de-la-empresa-snow-travel\/","title":{"rendered":"LA SECRETAR\u00cdA DE TURISMO DE LA PROVINCIA INFORM\u00d3 SOBRE LA SITUACI\u00d3N DE LA EMPRESA SNOW TRAVEL"},"content":{"rendered":"<p>La secretar\u00eda de Turismo de la provincia de Santa Fe comunic\u00f3 que recibi\u00f3 una notificaci\u00f3n por parte del Ministerio de Turismo de la Naci\u00f3n en donde se informa que la empresa de turismo estudiantil Snow Travel present\u00f3 este lunes ante la Direcci\u00f3n Nacional de Agencias de Viajes de dicho ministerio una nota en la que solicita la ejecuci\u00f3n del fondo fiduciario de la Cuota Cero, aduciendo que no puede continuar con la operatoria de las responsabilidades asumidas.<\/p>\n<p>Frente a esta situaci\u00f3n, se convoc\u00f3 a la empresa a presentar de forma perentoria toda la documentaci\u00f3n correspondiente a tal fin y se remiti\u00f3 la situaci\u00f3n a la Federaci\u00f3n Argentina de Empresas de Viajes y Turismo (Faevyt), ya que el fondo fiduciario ha sido constituido por las agencias de viajes estudiantiles para asegurar la realizaci\u00f3n de los viajes de egresados frente a eventuales incumplimientos por parte de las propias agencias.<\/p>\n<p>Este fondo garantiza un servicio b\u00e1sico que incluye: transporte, seguro de asistencia, hoteler\u00eda con pensi\u00f3n completa y excursiones de d\u00eda.<\/p>\n<p>El Ministerio de Turismo de la Naci\u00f3n habilit\u00f3 las siguientes l\u00edneas telef\u00f3nicas de consulta: 011-49532208\/49520956.<\/p>\n<p>Asimismo, la secretar\u00eda de Turismo de la provincia habilit\u00f3 el correo electr\u00f3nico santafe.tur.ar@gmail.com y el tel\u00e9fono 0342-155374558.<\/p>\n<p>&nbsp;<\/p>\n<p>&nbsp;<\/p>\n<!-- AddThis Advanced Settings generic via filter on the_content --><!-- AddThis Share Buttons generic via filter on the_content -->","protected":false},"excerpt":{"rendered":"<p>La secretar\u00eda de Turismo de la provincia de Santa Fe comunic\u00f3 que recibi\u00f3 una notificaci\u00f3n por [&hellip;]<!-- AddThis Advanced Settings generic via filter on get_the_excerpt --><!-- AddThis Share Buttons generic via filter on get_the_excerpt --><\/p>\n","protected":false},"author":13,"featured_media":26989,"comment_status":"open","ping_status":"open","sticky":false,"template":"","format":"standard","meta":{"_seopress_robots_primary_cat":"","_seopress_titles_title":"","_seopress_titles_desc":"","_seopress_robots_index":"","_themeisle_gutenberg_block_has_review":false,"footnotes":""},"categories":[48],"tags":[],"class_list":["post-26984","post","type-post","status-publish","format-standard","has-post-thumbnail","hentry","category-provinciales"],"_links":{"self":[{"href":"https:\/\/www.almargenweb.com.ar\/web\/wp-json\/wp\/v2\/posts\/26984","targetHints":{"allow":["GET"]}}],"collection":[{"href":"https:\/\/www.almargenweb.com.ar\/web\/wp-json\/wp\/v2\/posts"}],"about":[{"href":"https:\/\/www.almargenweb.com.ar\/web\/wp-json\/wp\/v2\/types\/post"}],"author":[{"embeddable":true,"href":"https:\/\/www.almargenweb.com.ar\/web\/wp-json\/wp\/v2\/users\/13"}],"replies":[{"embeddable":true,"href":"https:\/\/www.almargenweb.com.ar\/web\/wp-json\/wp\/v2\/comments?post=26984"}],"version-history":[{"count":1,"href":"https:\/\/www.almargenweb.com.ar\/web\/wp-json\/wp\/v2\/posts\/26984\/revisions"}],"predecessor-version":[{"id":26986,"href":"https:\/\/www.almargenweb.com.ar\/web\/wp-json\/wp\/v2\/posts\/26984\/revisions\/26986"}],"wp:featuredmedia":[{"embeddable":true,"href":"https:\/\/www.almargenweb.com.ar\/web\/wp-json\/wp\/v2\/media\/26989"}],"wp:attachment":[{"href":"https:\/\/www.almargenweb.com.ar\/web\/wp-json\/wp\/v2\/media?parent=26984"}],"wp:term":[{"taxonomy":"category","embeddable":true,"href":"https:\/\/www.almargenweb.com.ar\/web\/wp-json\/wp\/v2\/categories?post=26984"},{"taxonomy":"post_tag","embeddable":true,"href":"https:\/\/www.almargenweb.com.ar\/web\/wp-json\/wp\/v2\/tags?post=26984"}],"curies":[{"name":"wp","href":"https:\/\/api.w.org\/{rel}","templated":true}]}}