{"id":26933,"date":"2018-08-03T09:41:25","date_gmt":"2018-08-03T12:41:25","guid":{"rendered":"http:\/\/www.almargenweb.com.ar\/web\/?p=26933"},"modified":"2018-08-03T09:41:25","modified_gmt":"2018-08-03T12:41:25","slug":"tarifas-y-enojo-de-lifschitz-con-nacion-no-tienen-cara-dijo","status":"publish","type":"post","link":"https:\/\/www.almargenweb.com.ar\/web\/tarifas-y-enojo-de-lifschitz-con-nacion-no-tienen-cara-dijo\/","title":{"rendered":"Tarifas y enojo de Lifschitz con Naci\u00f3n: &#8220;no tienen cara&#8221;, dijo"},"content":{"rendered":"<h3>El gobernador se molest\u00f3 con las afirmaciones de Iguacel. \u201cEllos aumentan las tarifas y quieren hacer culpables a las provincias. Es c\u00f3mico; no tienen cara\u201d, reproch\u00f3.<\/h3>\n<p>Despu\u00e9s de una semana atravesada por una fort\u00edsima pol\u00e9mica en torno de la Empresa Provincial de la Energ\u00eda, el gobernador de la provincia rompi\u00f3 el silencio para defender al actual titular del organismo, Maximiliano Neri; y para embestir contra la Naci\u00f3n. La controversia arranc\u00f3 por los altos costos salariales que paga la EPE a sus gerentes y directores -el Ejecutivo prepara ahora un decreto para fijar topes y que nadie cobre m\u00e1s que el propio mandatario-, y termin\u00f3 en una nueva pelea con la Casa Rosada por las tarifas. Este mi\u00e9rcoles, el ministro de Energ\u00eda de la Naci\u00f3n, Javier Iguacel, confirm\u00f3 un aumento de tarifas de casi un 25 por ciento, y volvi\u00f3 a decir que \u201clos santafesinos pagan m\u00e1s caro el servicio que en Buenos Aires por las cargas extras en la distribuci\u00f3n\u201d. Dijo que las tarifas no dependen del precio mayorista de la energ\u00eda que fija su gobierno, sino de los costos de la EPE.<\/p>\n<p>Tras ello y visiblemente molesto, contest\u00f3 el gobernador. Despu\u00e9s de participar de un acto en la ciudad de Santo Tom\u00e9, Miguel Lifschitz dijo que es \u201cc\u00f3mica\u201d la situaci\u00f3n. \u201cEllos aumentan las tarifas nacionales y le echan la culpa a la provincia; es inexplicable, no tienen cara, no tienen argumento\u201d, se quej\u00f3.<\/p>\n<p>\u201cLa EPE -acot\u00f3-, como todas las empresas p\u00fablicas, puede ser mejorada y yo personalmente estoy empe\u00f1ado en mejorar la eficiencia de la empresa. Por eso hemos puesto un nuevo presidente y hemos conformado una comisi\u00f3n t\u00e9cnica integrada por representantes de universidades p\u00fablicas, de especialistas designados por las c\u00e1maras empresarias que ya han tenido cuatro encuentros y van a emitir un informe pormenorizado de los costos de la empresa\u201d, adelant\u00f3.<\/p>\n<p><strong>Nuevo cruce<\/strong><\/p>\n<p>&nbsp;<\/p>\n<p>Lifschitz admiti\u00f3 que \u201cseguramente habr\u00e1 cosas por mejorar\u201d en la empresa energ\u00e9tica local, pero alert\u00f3 que \u201ces inadmisible que nos hagan responsables a trav\u00e9s de la EPE, que es una de las mejores distribuidoras del pa\u00eds, cuando los aumentos se fijan a nivel nacional\u201d.<\/p>\n<p>Para el mandatario, hay \u201cuna intencionalidad manifiesta del gobierno nacional de responsabilizar a las provincias del ajuste que aplica el propio gobierno nacional\u201d.<\/p>\n<p>En tanto, y consultado acerca de si la provincia trasladar\u00e1 a sus tarifas el aumento anunciado por la Naci\u00f3n, Lifschitz dijo que ser\u00e1 inevitable, aunque \u201cno en la misma proporci\u00f3n\u201d. \u201cVamos a evaluar de qu\u00e9 manera podemos minimizar el impacto para los clientes residenciales y para peque\u00f1as y medianas empresas\u201d, sostuvo.<\/p>\n<p>Tambi\u00e9n advirti\u00f3 que el incremento de tarifas \u201ces un disparador de inflaci\u00f3n. Despu\u00e9s el gobierno nacional se sorprende del aumento del costo de vida\u201d, plante\u00f3.<\/p>\n<p><strong>Esquemas pol\u00edticos<\/strong><\/p>\n<p>Lifschitz tambi\u00e9n fue consultado sobre la reuni\u00f3n que mantuvo en las \u00faltimas horas con su par de Salta, Juan Manuel Urtubey. El gobernador aclar\u00f3 que ha tenido \u201cmuchas reuniones\u201d, incluso con otros mandatarios, pero le rest\u00f3 a ello trascendencia electoral.<\/p>\n<p>\u201cHemos tenido muchas reuniones no s\u00f3lo con Urtubey sino tambi\u00e9n con (el gobernador de C\u00f3rdoba, Juan) Schiaretti, (de Entre R\u00edos, Gustavo) Bordet y con otros gobernadores porque estamos todos preocupados por la realidad del pa\u00eds y con esta idea de realizar ajustes en las provincias. Compartimos preocupaciones y tratamos de tener posiciones comunes, pero no hay que hacer con eso ninguna especulaci\u00f3n electoral\u201d, advirti\u00f3.<\/p>\n<p>De todos modos y consultado acera de si se podr\u00eda trasladar la experiencia del Frente Progresista a la Naci\u00f3n, Lifschitz se mostr\u00f3 entusiasmado.<\/p>\n<p>\u201cSiempre est\u00e1 nuestra expectativa porque creo que Argentina necesita una alternativa. No nos podemos agotar en una discusi\u00f3n eterna entre Cambiemos y el kirchnerismo, donde se tiran denuncias de corrupci\u00f3n de un lado para otro. Ese debate -opin\u00f3- empobrece a la pol\u00edtica argentina y no da perspectiva de futuro. Se necesita un proyecto de s\u00edntesis que permita el encuentro de los argentinos; cerrar algunas grietas y apostar hacia adelante. Eso yo no lo veo hoy en la Argentina y es un desaf\u00edo construirlo. Si podemos contribuir con eso, en esa direcci\u00f3n, lo vamos a hacer\u201d, concluy\u00f3.<\/p>\n<p>&nbsp;<\/p>\n<p>&nbsp;<\/p>\n<p>&nbsp;<\/p>\n<p>Fuente: El Litoral.<\/p>\n<!-- AddThis Advanced Settings generic via filter on the_content --><!-- AddThis Share Buttons generic via filter on the_content -->","protected":false},"excerpt":{"rendered":"<p>El gobernador se molest\u00f3 con las afirmaciones de Iguacel. \u201cEllos aumentan las tarifas y quieren hacer [&hellip;]<!-- AddThis Advanced Settings generic via filter on get_the_excerpt --><!-- AddThis Share Buttons generic via filter on get_the_excerpt --><\/p>\n","protected":false},"author":13,"featured_media":26934,"comment_status":"open","ping_status":"open","sticky":false,"template":"","format":"standard","meta":{"_seopress_robots_primary_cat":"","_seopress_titles_title":"","_seopress_titles_desc":"","_seopress_robots_index":"","_themeisle_gutenberg_block_has_review":false,"footnotes":""},"categories":[48],"tags":[],"class_list":["post-26933","post","type-post","status-publish","format-standard","has-post-thumbnail","hentry","category-provinciales"],"_links":{"self":[{"href":"https:\/\/www.almargenweb.com.ar\/web\/wp-json\/wp\/v2\/posts\/26933","targetHints":{"allow":["GET"]}}],"collection":[{"href":"https:\/\/www.almargenweb.com.ar\/web\/wp-json\/wp\/v2\/posts"}],"about":[{"href":"https:\/\/www.almargenweb.com.ar\/web\/wp-json\/wp\/v2\/types\/post"}],"author":[{"embeddable":true,"href":"https:\/\/www.almargenweb.com.ar\/web\/wp-json\/wp\/v2\/users\/13"}],"replies":[{"embeddable":true,"href":"https:\/\/www.almargenweb.com.ar\/web\/wp-json\/wp\/v2\/comments?post=26933"}],"version-history":[{"count":1,"href":"https:\/\/www.almargenweb.com.ar\/web\/wp-json\/wp\/v2\/posts\/26933\/revisions"}],"predecessor-version":[{"id":26935,"href":"https:\/\/www.almargenweb.com.ar\/web\/wp-json\/wp\/v2\/posts\/26933\/revisions\/26935"}],"wp:featuredmedia":[{"embeddable":true,"href":"https:\/\/www.almargenweb.com.ar\/web\/wp-json\/wp\/v2\/media\/26934"}],"wp:attachment":[{"href":"https:\/\/www.almargenweb.com.ar\/web\/wp-json\/wp\/v2\/media?parent=26933"}],"wp:term":[{"taxonomy":"category","embeddable":true,"href":"https:\/\/www.almargenweb.com.ar\/web\/wp-json\/wp\/v2\/categories?post=26933"},{"taxonomy":"post_tag","embeddable":true,"href":"https:\/\/www.almargenweb.com.ar\/web\/wp-json\/wp\/v2\/tags?post=26933"}],"curies":[{"name":"wp","href":"https:\/\/api.w.org\/{rel}","templated":true}]}}