{"id":26921,"date":"2018-08-01T11:22:19","date_gmt":"2018-08-01T14:22:19","guid":{"rendered":"http:\/\/www.almargenweb.com.ar\/web\/?p=26921"},"modified":"2018-08-01T11:22:19","modified_gmt":"2018-08-01T14:22:19","slug":"fascendini-entrego-viviendas-en-maria-luisa-y-santo-domingo","status":"publish","type":"post","link":"https:\/\/www.almargenweb.com.ar\/web\/fascendini-entrego-viviendas-en-maria-luisa-y-santo-domingo\/","title":{"rendered":"FASCENDINI ENTREG\u00d3 VIVIENDAS EN MARIA LUISA Y SANTO DOMINGO"},"content":{"rendered":"<p dir=\"ltr\">El vicegobernador de la provincia, Carlos Fascendini, visit\u00f3 las localidades de Mar\u00eda Luisa y Santo Domingo, ambas del departamento Las Colonias.<\/p>\n<p dir=\"ltr\">Fascendini presidi\u00f3 los actos de entrega de viviendas del Plan Lote Propio que lleva adelante el Gobierno de la Provincia en todo el territorio santafesino.<\/p>\n<p dir=\"ltr\">En Mar\u00eda Luisa, acompa\u00f1ado del presidente comunal, Andr\u00e9s Martin Calvo, entreg\u00f3 seis viviendas. En Santo Domingo hizo lo propio junto a la presidenta comunal, Patricia Arber. En esta localidad se entregaron nueve viviendas.<\/p>\n<p dir=\"ltr\">En contacto con las familias adjudicatarias el vicegobernador comparti\u00f3 las emociones de los vecinos que lograron el sue\u00f1o de la casa propia.<\/p>\n<p dir=\"ltr\">Este programa de adjudicaci\u00f3n de viviendas individuales en lotes propios est\u00e1 destinado a quienes no tienen posibilidades de construir por no contar con ingresos suficientes y no poder acceder a la financiaci\u00f3n de la banca privada.<\/p>\n<p dir=\"ltr\">En estos casos, la Direcci\u00f3n Provincial de Vivienda y Urbanismo otorga un pr\u00e9stamo a cada particular, quien garantiza la devoluci\u00f3n con una hipoteca constituida sobre su lote.<\/p>\n<p dir=\"ltr\">La ejecuci\u00f3n de la vivienda se realiza a trav\u00e9s de la administraci\u00f3n comunal o municipal mediante la entrega de anticipos financieros que otorga el ente provincial a medida que constata el avance de la obra.<\/p>\n<!-- AddThis Advanced Settings generic via filter on the_content --><!-- AddThis Share Buttons generic via filter on the_content -->","protected":false},"excerpt":{"rendered":"<p>El vicegobernador de la provincia, Carlos Fascendini, visit\u00f3 las localidades de Mar\u00eda Luisa y Santo Domingo, [&hellip;]<!-- AddThis Advanced Settings generic via filter on get_the_excerpt --><!-- AddThis Share Buttons generic via filter on get_the_excerpt --><\/p>\n","protected":false},"author":13,"featured_media":26922,"comment_status":"open","ping_status":"open","sticky":false,"template":"","format":"standard","meta":{"_seopress_robots_primary_cat":"","_seopress_titles_title":"","_seopress_titles_desc":"","_seopress_robots_index":"","_themeisle_gutenberg_block_has_review":false,"footnotes":""},"categories":[48],"tags":[],"class_list":["post-26921","post","type-post","status-publish","format-standard","has-post-thumbnail","hentry","category-provinciales"],"_links":{"self":[{"href":"https:\/\/www.almargenweb.com.ar\/web\/wp-json\/wp\/v2\/posts\/26921","targetHints":{"allow":["GET"]}}],"collection":[{"href":"https:\/\/www.almargenweb.com.ar\/web\/wp-json\/wp\/v2\/posts"}],"about":[{"href":"https:\/\/www.almargenweb.com.ar\/web\/wp-json\/wp\/v2\/types\/post"}],"author":[{"embeddable":true,"href":"https:\/\/www.almargenweb.com.ar\/web\/wp-json\/wp\/v2\/users\/13"}],"replies":[{"embeddable":true,"href":"https:\/\/www.almargenweb.com.ar\/web\/wp-json\/wp\/v2\/comments?post=26921"}],"version-history":[{"count":1,"href":"https:\/\/www.almargenweb.com.ar\/web\/wp-json\/wp\/v2\/posts\/26921\/revisions"}],"predecessor-version":[{"id":26923,"href":"https:\/\/www.almargenweb.com.ar\/web\/wp-json\/wp\/v2\/posts\/26921\/revisions\/26923"}],"wp:featuredmedia":[{"embeddable":true,"href":"https:\/\/www.almargenweb.com.ar\/web\/wp-json\/wp\/v2\/media\/26922"}],"wp:attachment":[{"href":"https:\/\/www.almargenweb.com.ar\/web\/wp-json\/wp\/v2\/media?parent=26921"}],"wp:term":[{"taxonomy":"category","embeddable":true,"href":"https:\/\/www.almargenweb.com.ar\/web\/wp-json\/wp\/v2\/categories?post=26921"},{"taxonomy":"post_tag","embeddable":true,"href":"https:\/\/www.almargenweb.com.ar\/web\/wp-json\/wp\/v2\/tags?post=26921"}],"curies":[{"name":"wp","href":"https:\/\/api.w.org\/{rel}","templated":true}]}}