{"id":26904,"date":"2018-08-01T10:11:36","date_gmt":"2018-08-01T13:11:36","guid":{"rendered":"http:\/\/www.almargenweb.com.ar\/web\/?p=26904"},"modified":"2018-08-01T10:11:36","modified_gmt":"2018-08-01T13:11:36","slug":"preocupa-que-el-gobierno-nacional-elimine-el-fondo-de-incentivo-docente","status":"publish","type":"post","link":"https:\/\/www.almargenweb.com.ar\/web\/preocupa-que-el-gobierno-nacional-elimine-el-fondo-de-incentivo-docente\/","title":{"rendered":"Preocupa que el Gobierno Nacional elimine el Fondo de Incentivo Docente"},"content":{"rendered":"<h3>La ministra de Educaci\u00f3n\u00a0de la provincia,\u00a0Claudia Balagu\u00e9, manifest\u00f3 su descontento y adelant\u00f3\u00a0que en caso de sacarse, la provincia no podr\u00e1 hacerse cargo.<\/h3>\n<h3><\/h3>\n<p>El Ministerio de Educaci\u00f3n de la provincia de Santa Fe manifest\u00f3 su preocupaci\u00f3n ante una posible eliminaci\u00f3n del Fondo de Incentivo Docente.<\/p>\n<div id=\"cuerpo_interior\" class=\"cuerpo_interior\">\n<p>&nbsp;<\/p>\n<p>As\u00ed lo manifest\u00f3 en declaraciones a El Litoral, la ministra Claudia Balagu\u00e9. &#8220;Esperemos que esto no sea as\u00ed, hay una ley de incentivo docente y aguardamos que esto sea respetado&#8221;, expres\u00f3.<\/p>\n<p>&nbsp;<\/p>\n<p>Ante la consulta de si en caso de eliminarse la provincia es quien se har\u00eda cargo, la funcionaria explic\u00f3 que es &#8220;imposible porque ya tuvimos que afrontar muchas cosas&#8221;.<\/p>\n<p>&nbsp;<\/p>\n<p>&#8220;Son cuestiones absolutamente b\u00e1sicas para la poblaci\u00f3n que requieren que estemos atentos&#8221;, consider\u00f3.<\/p>\n<div><\/div>\n<div><iframe loading=\"lazy\" src=\"https:\/\/content.jwplatform.com\/players\/etcYrPvW-ogkm6Oc3.html\" width=\"100%\" height=\"100%\" frameborder=\"0\" scrolling=\"auto\" allowfullscreen=\"allowfullscreen\" data-mce-fragment=\"1\"><\/iframe><\/div>\n<div><\/div>\n<\/div>\n<div class=\"herra_cont\">\n<div><\/div>\n<div><\/div>\n<div><\/div>\n<div><\/div>\n<div><\/div>\n<div><\/div>\n<div><\/div>\n<div>Fuente: El Litoral.<\/div>\n<\/div>\n<!-- AddThis Advanced Settings generic via filter on the_content --><!-- AddThis Share Buttons generic via filter on the_content -->","protected":false},"excerpt":{"rendered":"<p>La ministra de Educaci\u00f3n\u00a0de la provincia,\u00a0Claudia Balagu\u00e9, manifest\u00f3 su descontento y adelant\u00f3\u00a0que en caso de sacarse, [&hellip;]<!-- AddThis Advanced Settings generic via filter on get_the_excerpt --><!-- AddThis Share Buttons generic via filter on get_the_excerpt --><\/p>\n","protected":false},"author":13,"featured_media":26906,"comment_status":"open","ping_status":"open","sticky":false,"template":"","format":"standard","meta":{"_seopress_robots_primary_cat":"","_seopress_titles_title":"","_seopress_titles_desc":"","_seopress_robots_index":"","_themeisle_gutenberg_block_has_review":false,"footnotes":""},"categories":[48],"tags":[],"class_list":["post-26904","post","type-post","status-publish","format-standard","has-post-thumbnail","hentry","category-provinciales"],"_links":{"self":[{"href":"https:\/\/www.almargenweb.com.ar\/web\/wp-json\/wp\/v2\/posts\/26904","targetHints":{"allow":["GET"]}}],"collection":[{"href":"https:\/\/www.almargenweb.com.ar\/web\/wp-json\/wp\/v2\/posts"}],"about":[{"href":"https:\/\/www.almargenweb.com.ar\/web\/wp-json\/wp\/v2\/types\/post"}],"author":[{"embeddable":true,"href":"https:\/\/www.almargenweb.com.ar\/web\/wp-json\/wp\/v2\/users\/13"}],"replies":[{"embeddable":true,"href":"https:\/\/www.almargenweb.com.ar\/web\/wp-json\/wp\/v2\/comments?post=26904"}],"version-history":[{"count":4,"href":"https:\/\/www.almargenweb.com.ar\/web\/wp-json\/wp\/v2\/posts\/26904\/revisions"}],"predecessor-version":[{"id":26910,"href":"https:\/\/www.almargenweb.com.ar\/web\/wp-json\/wp\/v2\/posts\/26904\/revisions\/26910"}],"wp:featuredmedia":[{"embeddable":true,"href":"https:\/\/www.almargenweb.com.ar\/web\/wp-json\/wp\/v2\/media\/26906"}],"wp:attachment":[{"href":"https:\/\/www.almargenweb.com.ar\/web\/wp-json\/wp\/v2\/media?parent=26904"}],"wp:term":[{"taxonomy":"category","embeddable":true,"href":"https:\/\/www.almargenweb.com.ar\/web\/wp-json\/wp\/v2\/categories?post=26904"},{"taxonomy":"post_tag","embeddable":true,"href":"https:\/\/www.almargenweb.com.ar\/web\/wp-json\/wp\/v2\/tags?post=26904"}],"curies":[{"name":"wp","href":"https:\/\/api.w.org\/{rel}","templated":true}]}}