{"id":26890,"date":"2018-07-31T09:28:04","date_gmt":"2018-07-31T12:28:04","guid":{"rendered":"http:\/\/www.almargenweb.com.ar\/web\/?p=26890"},"modified":"2018-07-31T09:28:04","modified_gmt":"2018-07-31T12:28:04","slug":"neri-nadie-en-la-epe-tiene-un-sueldo-mayor-al-gobernador","status":"publish","type":"post","link":"https:\/\/www.almargenweb.com.ar\/web\/neri-nadie-en-la-epe-tiene-un-sueldo-mayor-al-gobernador\/","title":{"rendered":"Neri: &#8220;Nadie en la EPE tiene un sueldo mayor al gobernador&#8221;"},"content":{"rendered":"<div class=\"copete_interior\">\n<h3>El titular de la EPE mostr\u00f3 su recibo de sueldo. Neg\u00f3 tener otros pagos, adicionales o bonos. Admiti\u00f3 que al asumir le quit\u00f3 al Directorio una retribuci\u00f3n extra igual a 3 sueldos anuales.<\/h3>\n<\/div>\n<div>\n<p>\u2014\u00bfEs correcta la informaci\u00f3n que public\u00f3 el diario La Capital sobre los sueldos de los directores y gerentes de la EPE, que rondan los $ 400.000?<\/p>\n<p>\u2014No lo es. Para nada. Queremos contrastar esa informaci\u00f3n totalmente err\u00f3nea y capciosa y quiero pedir que publiquen mi recibo de sueldo: $ 124.741,86. Me dice la gente que liquida los sueldos que cuando se comience a descontarme el Impuesto a las Ganancias terminar\u00e1 rondando los 110 \u00f3 115 mil pesos. Estamos ante una operaci\u00f3n de prensa, con informaci\u00f3n falsa que nos da\u00f1a y pretende correr el eje de la discusi\u00f3n que es el aumento de las tarifas en generaci\u00f3n.<\/p>\n<p>\u2014\u00bfNo puede ser que La Capital haya publicado una cifra que se apoye, por ejemplo, en la suma de salario, aguinaldo, bonos, o contando los brutos?<\/p>\n<p>\u2014No. Tampoco es as\u00ed.<\/p>\n<p>\u2014Para hacerlo m\u00e1s simple, \u00bfUd. de ninguna manera llega a ganar 400 mil? \u00bfNi con bonos, ni con aguinaldos ni con otras retribuciones?<\/p>\n<p>&nbsp;<\/p>\n<div class=\"pestania_arriba\">\n<div><img decoding=\"async\" title=\"\" src=\"http:\/\/static.ellitoral.com\/um\/fotos\/218196_epe.jpg\" width=\"99%\" align=\"center\" border=\"0\" data-fancybox=\"group\" \/><\/div>\n<div class=\"pie_foto_uminterior\">\n<p>$ 124.741,86. Esa es la cifra que de bolsillo gana el presidente del directorio de la Empresa Provincial de la Energ\u00eda, Maximiliano Neri, que asumi\u00f3 el 2 de mayo. Foto: Infograf\u00eda El Litoral<\/p>\n<\/div>\n<\/div>\n<p>&nbsp;<\/p>\n<p>\u2014De ninguna manera cobro esa cifra. Bajo ning\u00fan punto de vista. Por eso voy a publicar mi recibo de sueldo. Todo est\u00e1 detallado en mi recibo: hay un adicional del 20 %, unos gastos de representaci\u00f3n de unos 8 mil pesos&#8230;<\/p>\n<p>&nbsp;<\/p>\n<p>\u2014Eso es lo que vemos que est\u00e1 dentro del sueldo. Repregunto: \u00bffuera del pago habitual de haberes que corresponde, hay otros pagos, otros ingresos, bonos, premios?<\/p>\n<p>\u2014Nosotros no tenemos otras retribuciones. El Directorio ten\u00eda un bono especial que sumaba tres sueldos m\u00e1s a los directores y la primera medida que tom\u00e9 fue sacar esos bonos.<\/p>\n<p>\u2014\u00a1\u00bfTres sueldos anuales m\u00e1s?!<\/p>\n<p>\u2014Exactamente. Yo los termin\u00e9 sacando, fue una de mis primeras medidas. Por eso me llama la atenci\u00f3n que pase esto viendo que estoy haciendo un mont\u00f3n de transformaciones importantes en la empresa, buscando la eficiencia y tratando de reducir costos&#8230; Por eso al primer ejemplo lo di yo, detrayendo este beneficio al Directorio.<\/p>\n<p>\u2014\u00bfA qu\u00e9 atribuye esta situaci\u00f3n?<\/p>\n<p>\u2014Creo que es un tema que ha surgido a nivel nacional. El presidente Macri ha salido directamente, en pleno viaje al exterior, a golpear a la Empresa Provincial de la Energ\u00eda y justamente esto es lo que repercute. Esto es tratar de poner palos en la rueda, en un momento en el cual estamos haciendo transformaciones realmente importantes.<\/p>\n<p>\u2014\u00bfPor ejemplo?<\/p>\n<p>\u2014El gobernador ha decretado la formaci\u00f3n de una comisi\u00f3n que est\u00e1 trabajando hoy, con toda la empresa, para transparentar los n\u00fameros y c\u00f3mo se conforman las tarifas. En medio de todo esto sale esta publicaci\u00f3n.<\/p>\n<p>&nbsp;<\/p>\n<div class=\"pestania_arriba\">\n<div><img decoding=\"async\" title=\"\" src=\"http:\/\/static.ellitoral.com\/um\/fotos\/218194_epe_1.jpg\" align=\"center\" border=\"0\" data-fancybox=\"group\" \/><\/div>\n<\/div>\n<p>&nbsp;<\/p>\n<p>\u2014La comisi\u00f3n ya se form\u00f3, \u00bfest\u00e1 realmente en funcionamiento?<\/p>\n<p>&nbsp;<\/p>\n<p>\u2014Est\u00e1 funcionando y realmente hay muy buena repercusi\u00f3n, porque se est\u00e1 trabajando sobre todos los datos que esta Comisi\u00f3n est\u00e1 pidiendo. Ya llevamos tres meses de funcionamiento.<\/p>\n<p>\u2014La lista con los salarios que se ha publicado incluye adem\u00e1s de directores, que son funcionarios pol\u00edticos, a los gerentes de distintos niveles. Con los datos que Ud. me brinda imagino que no hay tanta distancia entre la conducci\u00f3n y los mejores sueldos de convenio.<\/p>\n<p>\u2014Exactamente, y por eso le voy a acercar m\u00e1s informaci\u00f3n. No queremos individualizar qu\u00e9 personas cobran cu\u00e1nto, pero s\u00ed le voy a entregar una lista con los cargos y los salarios. Y s\u00ed, un gerente general hoy est\u00e1 en $ 89.448.<\/p>\n<p>\u2014\u00bfEl gerente general de la EPE no llega a $ 90 mil?<\/p>\n<p>\u2014No, no llega.<\/p>\n<p>&nbsp;<\/p>\n<p>\u2014\u00bfY en otras empresas distribuidoras como en las privadas Edenor y Edesur o en otras estatales&#8230; c\u00f3mo son los sueldos de la conducci\u00f3n pol\u00edtica, como en la EPE?<\/p>\n<p>\u2014Nosotros estamos intentando tener detalles sobre esas retribuciones, pero tenemos s\u00f3lo informaci\u00f3n general que muestra que son ingresos mucho m\u00e1s importantes que los nuestros. Estamos buscando informaci\u00f3n sobre las empresas privadas y con las transportadoras, tambi\u00e9n, para que ustedes puedan comparar&#8230;<\/p>\n<p>\u2014En todo convenio hay una pir\u00e1mide salarial, si Ud. est\u00e1 en 120 mil debe estar m\u00e1s bien achatada. Los n\u00fameros que Ud. me da no tienen mucha relaci\u00f3n con los sueldos que uno imagina por debajo suyo.<\/p>\n<p>\u2014Tendr\u00edamos que tener un poco m\u00e1s de tiempo para hacer una lectura m\u00e1s profunda, pero s\u00ed es una pir\u00e1mide bastante achatada. Ese es el perfil.<\/p>\n<p>\u2014Otro dato de la nota de opini\u00f3n que public\u00f3 el diario La Capital es que todos los sueldos de la EPE representan apenas un 20% de todos los gastos. \u00bfEs as\u00ed?<\/p>\n<p>\u2014Esa informaci\u00f3n es correcta. Hoy los sueldos son el 20% de todos los costos de la empresa. La compra de energ\u00eda al Mercado El\u00e9ctrico Mayorista es el 50 %, y el 30 % restante es para todos los dem\u00e1s gastos: inversi\u00f3n en infraestructura, movilidad, todas las dem\u00e1s tareas.<\/p>\n<\/div>\n<p>&nbsp;<\/p>\n<p>&nbsp;<\/p>\n<p>&nbsp;<\/p>\n<p>&nbsp;<\/p>\n<p>&nbsp;<\/p>\n<p>Fuente: El Litoral.<\/p>\n<!-- AddThis Advanced Settings generic via filter on the_content --><!-- AddThis Share Buttons generic via filter on the_content -->","protected":false},"excerpt":{"rendered":"<p>El titular de la EPE mostr\u00f3 su recibo de sueldo. Neg\u00f3 tener otros pagos, adicionales o [&hellip;]<!-- AddThis Advanced Settings generic via filter on get_the_excerpt --><!-- AddThis Share Buttons generic via filter on get_the_excerpt --><\/p>\n","protected":false},"author":13,"featured_media":26891,"comment_status":"open","ping_status":"open","sticky":false,"template":"","format":"standard","meta":{"_seopress_robots_primary_cat":"","_seopress_titles_title":"","_seopress_titles_desc":"","_seopress_robots_index":"","_themeisle_gutenberg_block_has_review":false,"footnotes":""},"categories":[48],"tags":[],"class_list":["post-26890","post","type-post","status-publish","format-standard","has-post-thumbnail","hentry","category-provinciales"],"_links":{"self":[{"href":"https:\/\/www.almargenweb.com.ar\/web\/wp-json\/wp\/v2\/posts\/26890","targetHints":{"allow":["GET"]}}],"collection":[{"href":"https:\/\/www.almargenweb.com.ar\/web\/wp-json\/wp\/v2\/posts"}],"about":[{"href":"https:\/\/www.almargenweb.com.ar\/web\/wp-json\/wp\/v2\/types\/post"}],"author":[{"embeddable":true,"href":"https:\/\/www.almargenweb.com.ar\/web\/wp-json\/wp\/v2\/users\/13"}],"replies":[{"embeddable":true,"href":"https:\/\/www.almargenweb.com.ar\/web\/wp-json\/wp\/v2\/comments?post=26890"}],"version-history":[{"count":1,"href":"https:\/\/www.almargenweb.com.ar\/web\/wp-json\/wp\/v2\/posts\/26890\/revisions"}],"predecessor-version":[{"id":26892,"href":"https:\/\/www.almargenweb.com.ar\/web\/wp-json\/wp\/v2\/posts\/26890\/revisions\/26892"}],"wp:featuredmedia":[{"embeddable":true,"href":"https:\/\/www.almargenweb.com.ar\/web\/wp-json\/wp\/v2\/media\/26891"}],"wp:attachment":[{"href":"https:\/\/www.almargenweb.com.ar\/web\/wp-json\/wp\/v2\/media?parent=26890"}],"wp:term":[{"taxonomy":"category","embeddable":true,"href":"https:\/\/www.almargenweb.com.ar\/web\/wp-json\/wp\/v2\/categories?post=26890"},{"taxonomy":"post_tag","embeddable":true,"href":"https:\/\/www.almargenweb.com.ar\/web\/wp-json\/wp\/v2\/tags?post=26890"}],"curies":[{"name":"wp","href":"https:\/\/api.w.org\/{rel}","templated":true}]}}