{"id":26887,"date":"2018-07-30T19:14:43","date_gmt":"2018-07-30T22:14:43","guid":{"rendered":"http:\/\/www.almargenweb.com.ar\/web\/?p=26887"},"modified":"2018-07-30T19:15:21","modified_gmt":"2018-07-30T22:15:21","slug":"cronograma-de-pago-de-haberes-a-los-agentes-provinciales-18","status":"publish","type":"post","link":"https:\/\/www.almargenweb.com.ar\/web\/cronograma-de-pago-de-haberes-a-los-agentes-provinciales-18\/","title":{"rendered":"CRONOGRAMA DE PAGO DE HABERES A LOS AGENTES PROVINCIALES"},"content":{"rendered":"<h3>El mi\u00e9rcoles 1 de agosto comenzar\u00e1n a abonarse los sueldos correspondientes al mes de julio.<\/h3>\n<p>El Ministerio de Econom\u00eda dio a conocer el cronograma de pago de sueldos a los agentes provinciales correspondientes al mes de julio, que comenzar\u00e1 a efectivizarse a partir de este mi\u00e9rcoles 1 de agosto.<\/p>\n<p>&gt;&gt; Mi\u00e9rcoles 1 de agosto: Seguridad y IAPIP.<\/p>\n<p>&gt;&gt; Jueves 2 de agosto: Ministerio de la Producci\u00f3n; Ente Zona Franca; Ministerio de Ciencia, Tecnolog\u00eda e Innovaci\u00f3n Productiva; Ministerio de Trabajo y Seguridad Social; Ministerio de Innovaci\u00f3n y Cultura; Ministerio de Econom\u00eda; API &#8211; Catastro; Ministerio de Educaci\u00f3n; Ministerio de Gobierno y Reforma del Estado; Ministerio de Seguridad; Ministerio de Justicia y Derechos Humanos; Ministerio de Obras P\u00fablicas; Ministerio de Infraestructura y Transporte; Ministerio de Medio Ambiente; Direcci\u00f3n Provincial de Vivienda; Direcci\u00f3n Provincial de Vialidad; Fiscal\u00eda de Estado; Sindicatura General de la Provincia; Secretar\u00eda de Estado del H\u00e1bitat y Secretar\u00eda de Estado de la Energ\u00eda.<\/p>\n<p>Tambi\u00e9n percibir\u00e1n sus haberes los docentes y asistentes escolares con DNI terminados en 2, 3 y 4, y los de las escuelas privadas transferidas del 2do convenio.<\/p>\n<p>&gt;&gt; Viernes 3 de agosto: Ministerio de Desarrollo Social, Ministerio de Salud y Assal.<\/p>\n<p>Tambi\u00e9n percibir\u00e1n sus haberes los docentes y asistentes escolares con DNI terminados en 5, 6, 7 y 8, y los de las escuelas privadas transferidas del 1er convenio.<\/p>\n<p>&gt;&gt; Lunes 6 de agosto: Poder Legislativo, Poder Judicial, Tribunal de Cuentas y Defensor\u00eda del Pueblo.<\/p>\n<p>Tambi\u00e9n percibir\u00e1n sus haberes los docentes y asistentes escolares con DNI terminados en 0, 1 y 9 y los de privadas hist\u00f3ricas. Los haberes estar\u00e1n disponibles a partir del s\u00e1bado 4 de agosto en los cajeros autom\u00e1ticos de la Red Link.<\/p>\n<p>&gt;&gt; Martes 7 de agosto: 1\u00ba turno de jubilados y pensionados (jubilados y pensionados que perciban haberes hasta $ 15.000).<\/p>\n<p>&gt;&gt; Mi\u00e9rcoles 8 de agosto: 2\u00b0 turno de jubilados y pensionados (jubilados y pensionados que perciban haberes desde $ 15.001 y hasta $ 22.000).<\/p>\n<p>&gt;&gt; Viernes 10 de agosto: 3\u00b0 turno de jubilados y pensionados (jubilados que perciban haberes desde $ 22.001 y hasta $ 32.000).<\/p>\n<p>&gt;&gt; Lunes 13 de agosto: 4\u00b0 turno de jubilados y pensionados (jubilados que perciban haberes mayores a $ 32.001). Los haberes estar\u00e1n disponibles a partir del s\u00e1bado 11 de agosto en los cajeros autom\u00e1ticos de la Red Link.<\/p>\n<p>&gt;&gt; Martes 14 de agosto: Autoridades superiores de los poderes Ejecutivo, Legislativo y Judicial<\/p>\n<!-- AddThis Advanced Settings generic via filter on the_content --><!-- AddThis Share Buttons generic via filter on the_content -->","protected":false},"excerpt":{"rendered":"<p>El mi\u00e9rcoles 1 de agosto comenzar\u00e1n a abonarse los sueldos correspondientes al mes de julio. El [&hellip;]<!-- AddThis Advanced Settings generic via filter on get_the_excerpt --><!-- AddThis Share Buttons generic via filter on get_the_excerpt --><\/p>\n","protected":false},"author":13,"featured_media":26888,"comment_status":"open","ping_status":"open","sticky":false,"template":"","format":"standard","meta":{"_seopress_robots_primary_cat":"","_seopress_titles_title":"","_seopress_titles_desc":"","_seopress_robots_index":"","_themeisle_gutenberg_block_has_review":false,"footnotes":""},"categories":[48],"tags":[],"class_list":["post-26887","post","type-post","status-publish","format-standard","has-post-thumbnail","hentry","category-provinciales"],"_links":{"self":[{"href":"https:\/\/www.almargenweb.com.ar\/web\/wp-json\/wp\/v2\/posts\/26887","targetHints":{"allow":["GET"]}}],"collection":[{"href":"https:\/\/www.almargenweb.com.ar\/web\/wp-json\/wp\/v2\/posts"}],"about":[{"href":"https:\/\/www.almargenweb.com.ar\/web\/wp-json\/wp\/v2\/types\/post"}],"author":[{"embeddable":true,"href":"https:\/\/www.almargenweb.com.ar\/web\/wp-json\/wp\/v2\/users\/13"}],"replies":[{"embeddable":true,"href":"https:\/\/www.almargenweb.com.ar\/web\/wp-json\/wp\/v2\/comments?post=26887"}],"version-history":[{"count":1,"href":"https:\/\/www.almargenweb.com.ar\/web\/wp-json\/wp\/v2\/posts\/26887\/revisions"}],"predecessor-version":[{"id":26889,"href":"https:\/\/www.almargenweb.com.ar\/web\/wp-json\/wp\/v2\/posts\/26887\/revisions\/26889"}],"wp:featuredmedia":[{"embeddable":true,"href":"https:\/\/www.almargenweb.com.ar\/web\/wp-json\/wp\/v2\/media\/26888"}],"wp:attachment":[{"href":"https:\/\/www.almargenweb.com.ar\/web\/wp-json\/wp\/v2\/media?parent=26887"}],"wp:term":[{"taxonomy":"category","embeddable":true,"href":"https:\/\/www.almargenweb.com.ar\/web\/wp-json\/wp\/v2\/categories?post=26887"},{"taxonomy":"post_tag","embeddable":true,"href":"https:\/\/www.almargenweb.com.ar\/web\/wp-json\/wp\/v2\/tags?post=26887"}],"curies":[{"name":"wp","href":"https:\/\/api.w.org\/{rel}","templated":true}]}}