{"id":26881,"date":"2018-07-30T12:13:38","date_gmt":"2018-07-30T15:13:38","guid":{"rendered":"http:\/\/www.almargenweb.com.ar\/web\/?p=26881"},"modified":"2018-07-30T12:13:38","modified_gmt":"2018-07-30T15:13:38","slug":"nuevas-camaras-de-video-vigilancia-en-sarmiento","status":"publish","type":"post","link":"https:\/\/www.almargenweb.com.ar\/web\/nuevas-camaras-de-video-vigilancia-en-sarmiento\/","title":{"rendered":"Nuevas c\u00e1maras de video vigilancia en Sarmiento"},"content":{"rendered":"<p>La Comuna de Sarmiento informa que se renovaron las c\u00e1maras de video vigilancia instaladas a\u00f1os atr\u00e1s en los ingresos a la localidad, ya que las mismas quedaron obsoletas.<\/p>\n<p>Los nuevos equipos cuentan con mayor definici\u00f3n y resoluci\u00f3n para el monitoreo.<\/p>\n<p>Asimismo se est\u00e1n realizando mantenimientos en equipos que se encontraban fuera de funcionamiento y re ubicando en otros sectores del pueblo las mismas.<\/p>\n<!-- AddThis Advanced Settings generic via filter on the_content --><!-- AddThis Share Buttons generic via filter on the_content -->","protected":false},"excerpt":{"rendered":"<p>La Comuna de Sarmiento informa que se renovaron las c\u00e1maras de video vigilancia instaladas a\u00f1os atr\u00e1s [&hellip;]<!-- AddThis Advanced Settings generic via filter on get_the_excerpt --><!-- AddThis Share Buttons generic via filter on get_the_excerpt --><\/p>\n","protected":false},"author":13,"featured_media":26882,"comment_status":"open","ping_status":"open","sticky":false,"template":"","format":"standard","meta":{"_seopress_robots_primary_cat":"","_seopress_titles_title":"","_seopress_titles_desc":"","_seopress_robots_index":"","_themeisle_gutenberg_block_has_review":false,"footnotes":""},"categories":[21],"tags":[],"class_list":["post-26881","post","type-post","status-publish","format-standard","has-post-thumbnail","hentry","category-las-colonias"],"_links":{"self":[{"href":"https:\/\/www.almargenweb.com.ar\/web\/wp-json\/wp\/v2\/posts\/26881","targetHints":{"allow":["GET"]}}],"collection":[{"href":"https:\/\/www.almargenweb.com.ar\/web\/wp-json\/wp\/v2\/posts"}],"about":[{"href":"https:\/\/www.almargenweb.com.ar\/web\/wp-json\/wp\/v2\/types\/post"}],"author":[{"embeddable":true,"href":"https:\/\/www.almargenweb.com.ar\/web\/wp-json\/wp\/v2\/users\/13"}],"replies":[{"embeddable":true,"href":"https:\/\/www.almargenweb.com.ar\/web\/wp-json\/wp\/v2\/comments?post=26881"}],"version-history":[{"count":1,"href":"https:\/\/www.almargenweb.com.ar\/web\/wp-json\/wp\/v2\/posts\/26881\/revisions"}],"predecessor-version":[{"id":26883,"href":"https:\/\/www.almargenweb.com.ar\/web\/wp-json\/wp\/v2\/posts\/26881\/revisions\/26883"}],"wp:featuredmedia":[{"embeddable":true,"href":"https:\/\/www.almargenweb.com.ar\/web\/wp-json\/wp\/v2\/media\/26882"}],"wp:attachment":[{"href":"https:\/\/www.almargenweb.com.ar\/web\/wp-json\/wp\/v2\/media?parent=26881"}],"wp:term":[{"taxonomy":"category","embeddable":true,"href":"https:\/\/www.almargenweb.com.ar\/web\/wp-json\/wp\/v2\/categories?post=26881"},{"taxonomy":"post_tag","embeddable":true,"href":"https:\/\/www.almargenweb.com.ar\/web\/wp-json\/wp\/v2\/tags?post=26881"}],"curies":[{"name":"wp","href":"https:\/\/api.w.org\/{rel}","templated":true}]}}