{"id":26870,"date":"2018-07-30T10:37:23","date_gmt":"2018-07-30T13:37:23","guid":{"rendered":"http:\/\/www.almargenweb.com.ar\/web\/?p=26870"},"modified":"2018-07-30T10:37:23","modified_gmt":"2018-07-30T13:37:23","slug":"la-denuncia-que-salpica-a-mario-barletta-embajador-de-macri-en-uruguay","status":"publish","type":"post","link":"https:\/\/www.almargenweb.com.ar\/web\/la-denuncia-que-salpica-a-mario-barletta-embajador-de-macri-en-uruguay\/","title":{"rendered":"La denuncia que salpica a Mario Barletta, embajador de Macri en Uruguay"},"content":{"rendered":"<div class=\"detail-body \">\n<div class=\"preview\"><\/div>\n<\/div>\n<div class=\"detail-body \">\n<article id=\"note-body\" class=\"note-body\" data-twitter-link=\"https:\/\/twitter.com\/intent\/tweet?url=https:\/\/www.minutouno.com\/c3082304&amp;v\u00eda=minutounocom&amp;related=MinutoUno&amp;text=\">\n<div class=\"row\">\n<div class=\"inside-note col-xs-12\">\n<div class=\"detail-body \">\n<div class=\"preview\">\n<h3>Marcelo Vorobiof estaba a cargo del ente que controlaba el puerto de Santa Fe. Debi\u00f3 renunciar tras ser acusado de negocios incompatibles.\u00a0<b>Se mostr\u00f3 con el representante del pa\u00eds en el vecino pa\u00eds.<\/b><\/h3>\n<\/div>\n<\/div>\n<div class=\"detail-body\">\n<article id=\"note-body\" class=\"note-body first\" data-twitter-link=\"https:\/\/twitter.com\/intent\/tweet?url=https:\/\/www.minutouno.com\/c3082304&amp;v\u00eda=minutounocom&amp;related=MinutoUno&amp;text=\">\n<div class=\"row\">\n<div class=\"inside-note col-xs-12\">\n<p>Mario Barletta fue intendente de Santa Fe y ahora es embajador argentino en Uruguay. En la Embajada Argentina estuvo festejando el D\u00eda de la independencia con Marcelo Vorobioff. \u00bfQui\u00e9n es?\u00a0<strong>Un viejo amigo suyo que est\u00e1 imputado por negocios incompatibles con la funci\u00f3n p\u00fablica cuando dirig\u00eda el Ente portuario de Santa Fe.<\/strong><\/p>\n<\/div>\n<\/div>\n<\/article>\n<\/div>\n<div class=\"detail-body \">\n<article id=\"note-body\" class=\"note-body\" data-twitter-link=\"https:\/\/twitter.com\/intent\/tweet?url=https:\/\/www.minutouno.com\/c3082304&amp;v\u00eda=minutounocom&amp;related=MinutoUno&amp;text=\">\n<div class=\"row\">\n<div class=\"inside-note col-xs-12\">\n<p>Seg\u00fan la Justicia,\u00a0<strong>Vorobiof cre\u00f3 empresas fantasmas que luego eran contratadas por el Ente Portuario que \u00e9l mismo dirig\u00eda<\/strong>. Esas oscuras empresas estaban compuestas por familiares. Al poco tiempo el amigo del embajador Barletta dijo que renunciaba para descomprimir.<\/p>\n<div id=\"2734087-354261229_wrap\" class=\"embed_cont type_video no-epigrafe no-copyright\">\n<div id=\"2734087-354261229_content\" class=\"embed_content\">\n<div id=\"2734087-354261229_embed\">\n<div id=\"mediaPlayer_2734087-354261229\"><iframe loading=\"lazy\" src=\"https:\/\/www.minutouno.com\/services\/embed.php?idAdjunto=2734087&amp;idAdjuntoTamano=&amp;width=622&amp;height=351&amp;tipo=video\" width=\"622\" height=\"351\" frameborder=\"0\" scrolling=\"no\" allowfullscreen=\"allowfullscreen\" data-mce-fragment=\"1\"><\/iframe><\/div>\n<\/div>\n<\/div>\n<\/div>\n<p>Hace algunas semanas\u00a0<strong>ADN<\/strong>, el programa de investigaci\u00f3n de\u00a0<em>C5N<\/em>, mostr\u00f3 qui\u00e9n es Guillermo Misiano. Este empresario controla varios puertos y fue denunciado por Elisa Carri\u00f3 por los delitos de defraudaci\u00f3n contra la administraci\u00f3n p\u00fablica y evasi\u00f3n. Adem\u00e1s por contrabando de droga, enriquecimiento il\u00edcito y lavado de activos. Misteriosamente \u201cLilita\u201d dej\u00f3 de hablar del tema y par\u00f3 la denuncia<\/p>\n<p>Misiano y el PTP Group controlan la zona franca de Villa Constituci\u00f3n con Zofravilla Sociedad An\u00f3nima.<strong>\u00a0En esta sociedad, Misiano figura como vicepresidente y como uno de los directores aparece Fernando Vorobioff, el hijo de Marcelo<\/strong>\u00a0que fue jefe del Ente Portuario.<\/p>\n<\/div>\n<\/div>\n<\/article>\n<\/div>\n<\/div>\n<\/div>\n<\/article>\n<\/div>\n<p>&nbsp;<\/p>\n<p>&nbsp;<\/p>\n<p>&nbsp;<\/p>\n<p>Fuente: MinutoUno.<\/p>\n<!-- AddThis Advanced Settings generic via filter on the_content --><!-- AddThis Share Buttons generic via filter on the_content -->","protected":false},"excerpt":{"rendered":"<p>Marcelo Vorobiof estaba a cargo del ente que controlaba el puerto de Santa Fe. Debi\u00f3 renunciar [&hellip;]<!-- AddThis Advanced Settings generic via filter on get_the_excerpt --><!-- AddThis Share Buttons generic via filter on get_the_excerpt --><\/p>\n","protected":false},"author":13,"featured_media":26871,"comment_status":"open","ping_status":"open","sticky":false,"template":"","format":"standard","meta":{"_seopress_robots_primary_cat":"","_seopress_titles_title":"","_seopress_titles_desc":"","_seopress_robots_index":"","_themeisle_gutenberg_block_has_review":false,"footnotes":""},"categories":[48],"tags":[],"class_list":["post-26870","post","type-post","status-publish","format-standard","has-post-thumbnail","hentry","category-provinciales"],"_links":{"self":[{"href":"https:\/\/www.almargenweb.com.ar\/web\/wp-json\/wp\/v2\/posts\/26870","targetHints":{"allow":["GET"]}}],"collection":[{"href":"https:\/\/www.almargenweb.com.ar\/web\/wp-json\/wp\/v2\/posts"}],"about":[{"href":"https:\/\/www.almargenweb.com.ar\/web\/wp-json\/wp\/v2\/types\/post"}],"author":[{"embeddable":true,"href":"https:\/\/www.almargenweb.com.ar\/web\/wp-json\/wp\/v2\/users\/13"}],"replies":[{"embeddable":true,"href":"https:\/\/www.almargenweb.com.ar\/web\/wp-json\/wp\/v2\/comments?post=26870"}],"version-history":[{"count":2,"href":"https:\/\/www.almargenweb.com.ar\/web\/wp-json\/wp\/v2\/posts\/26870\/revisions"}],"predecessor-version":[{"id":26874,"href":"https:\/\/www.almargenweb.com.ar\/web\/wp-json\/wp\/v2\/posts\/26870\/revisions\/26874"}],"wp:featuredmedia":[{"embeddable":true,"href":"https:\/\/www.almargenweb.com.ar\/web\/wp-json\/wp\/v2\/media\/26871"}],"wp:attachment":[{"href":"https:\/\/www.almargenweb.com.ar\/web\/wp-json\/wp\/v2\/media?parent=26870"}],"wp:term":[{"taxonomy":"category","embeddable":true,"href":"https:\/\/www.almargenweb.com.ar\/web\/wp-json\/wp\/v2\/categories?post=26870"},{"taxonomy":"post_tag","embeddable":true,"href":"https:\/\/www.almargenweb.com.ar\/web\/wp-json\/wp\/v2\/tags?post=26870"}],"curies":[{"name":"wp","href":"https:\/\/api.w.org\/{rel}","templated":true}]}}