{"id":26867,"date":"2018-07-30T10:30:25","date_gmt":"2018-07-30T13:30:25","guid":{"rendered":"http:\/\/www.almargenweb.com.ar\/web\/?p=26867"},"modified":"2018-07-30T10:30:25","modified_gmt":"2018-07-30T13:30:25","slug":"hoy-se-inaugura-el-monumento-que-recuerda-la-revuelta-de-humboldt","status":"publish","type":"post","link":"https:\/\/www.almargenweb.com.ar\/web\/hoy-se-inaugura-el-monumento-que-recuerda-la-revuelta-de-humboldt\/","title":{"rendered":"Hoy se inaugura el monumento que recuerda la Revuelta de Humboldt"},"content":{"rendered":"<h3>Ser\u00e1 este lunes desde las 18 horas, en el Boulevard de Avenida San Mart\u00edn, frente al Museo Hist\u00f3rico de la localidad. La actividad contar\u00e1 con la participaci\u00f3n del Vicegobernador Carlos Fascendini, el Senador Rub\u00e9n Pirola y autoridades locales. Durante la jornada habr\u00e1 una interpretaci\u00f3n hist\u00f3rica del Grupo de Los Diez.<\/h3>\n<p>Este lunes 30 de julio -desde las 18 horas-, cuando se cumplan 125 a\u00f1os de la renuncia del Gobernador Juan M. Cafferata, quedar\u00e1 habilitado el monumento que recuerda la gesta hist\u00f3rica conocida la Revuelta de Humboldt.<\/p>\n<p>\u201cSe trat\u00f3 de un movimiento socio-pol\u00edtico que termin\u00f3 con el gobierno de Cafferata, ese 30 de julio. Por ello la fecha en que se estar\u00e1 inaugurando el monolito\u201d, precis\u00f3 el titular del Ejecutivo local Duilio Rohrmann.<\/p>\n<p>El moj\u00f3n recordatorio, estar\u00e1 ubicado frente al Museo Hist\u00f3rico de la localidad y contar\u00e1 con la participaci\u00f3n del Vicegobernador Carlos Fascendini, el Senador Rub\u00e9n Pirola y autoridades locales.<\/p>\n<p>El presidente comunal manifest\u00f3 que adem\u00e1s se habilitar\u00e1 una carteler\u00eda que resuma ese hist\u00f3rico hecho de 1893.<\/p>\n<p>\u201cEl conflicto se origina en principio por la irritaci\u00f3n y bronca que gener\u00f3 en las colonias agr\u00edcolas la sanci\u00f3n de la ley -promulgada el 27 de noviembre de 1891 por el gobernador Juan M. Cafferata- que gravaba con un impuesto de 10 centavos la venta de un quintal de trigo y de lino\u201d, explic\u00f3 el Jefe Comunal.<\/p>\n<p>Rohrmann agreg\u00f3 que el monumento estar\u00e1 ubicado en el centro de la avenida. \u201cLas tropas de los Colonos estaban del lado de la Escuela P\u00fablica, donde hoy se ubica el Instituto Centenario de Humbodt, y las tropas del gobierno provincial estaban apostadas donde hoy se ubica la sede comunal. De un lado y del otro de la avenida\u201d.<\/p>\n<p>El monumento fue realizado por el artista Marcelo Cuello, oriundo de la provincia de C\u00f3rdoba.<\/p>\n<p>Vale destacar que el pasado 5 de febrero el Centro de Estudios e Investigaciones Hist\u00f3ricas de Humboldt, y la Asociaci\u00f3n Amigos del Museo Hist\u00f3rico de la Colonia, llev\u00f3 a cabo una jornada de reconocimiento al 125\u00b0 aniversario del hist\u00f3rico acontecimiento.<\/p>\n<p>En el marco de ese hist\u00f3rico acontecimiento se desarroll\u00f3 la disertaci\u00f3n y presentaci\u00f3n del libro: \u201cLa Primera Revuelta Agraria de Argentina, Humboldt en Armas\u201d, del Dr. Ra\u00fal Omar Kr\u00f6hling, con la colaboraci\u00f3n de Juan Luis Martir\u00e9n.<\/p>\n<p>Ante un gran marco de p\u00fablico, el Dr. Ra\u00fal Omar Kr\u00f6hling -quien adem\u00e1s es adem\u00e1s autor del libro \u201cHumboldt, una mirada hacia atr\u00e1s, sus primeros cincuenta a\u00f1os\u201d- dio detalles de aquellos hist\u00f3ricos a\u00f1os.<\/p>\n<p>\u201cConocer nuestra historia, poder contemplar con rigor cada instante y momento de los sucesos ocurridos en nuestra colonia en el a\u00f1o 1893, nos ayuda a comprender qui\u00e9nes eran nuestros abuelos, cu\u00e1les eran sus sue\u00f1os, sus miedos e ideales\u201d, expres\u00f3 muy emocionado el Dr. Ra\u00fal Omar Kr\u00f6hling, durante la presentaci\u00f3n realizada en el patio del Museo Hist\u00f3rico de la Colonia Humboldt.<\/p>\n<p>&nbsp;<\/p>\n<p>&nbsp;<\/p>\n<p>&nbsp;<\/p>\n<p>&nbsp;<\/p>\n<p>Fuente: El Cronista de Las Colonias.<\/p>\n<!-- AddThis Advanced Settings generic via filter on the_content --><!-- AddThis Share Buttons generic via filter on the_content -->","protected":false},"excerpt":{"rendered":"<p>Ser\u00e1 este lunes desde las 18 horas, en el Boulevard de Avenida San Mart\u00edn, frente al [&hellip;]<!-- AddThis Advanced Settings generic via filter on get_the_excerpt --><!-- AddThis Share Buttons generic via filter on get_the_excerpt --><\/p>\n","protected":false},"author":13,"featured_media":26868,"comment_status":"open","ping_status":"open","sticky":false,"template":"","format":"standard","meta":{"_seopress_robots_primary_cat":"","_seopress_titles_title":"","_seopress_titles_desc":"","_seopress_robots_index":"","_themeisle_gutenberg_block_has_review":false,"footnotes":""},"categories":[21],"tags":[],"class_list":["post-26867","post","type-post","status-publish","format-standard","has-post-thumbnail","hentry","category-las-colonias"],"_links":{"self":[{"href":"https:\/\/www.almargenweb.com.ar\/web\/wp-json\/wp\/v2\/posts\/26867","targetHints":{"allow":["GET"]}}],"collection":[{"href":"https:\/\/www.almargenweb.com.ar\/web\/wp-json\/wp\/v2\/posts"}],"about":[{"href":"https:\/\/www.almargenweb.com.ar\/web\/wp-json\/wp\/v2\/types\/post"}],"author":[{"embeddable":true,"href":"https:\/\/www.almargenweb.com.ar\/web\/wp-json\/wp\/v2\/users\/13"}],"replies":[{"embeddable":true,"href":"https:\/\/www.almargenweb.com.ar\/web\/wp-json\/wp\/v2\/comments?post=26867"}],"version-history":[{"count":1,"href":"https:\/\/www.almargenweb.com.ar\/web\/wp-json\/wp\/v2\/posts\/26867\/revisions"}],"predecessor-version":[{"id":26869,"href":"https:\/\/www.almargenweb.com.ar\/web\/wp-json\/wp\/v2\/posts\/26867\/revisions\/26869"}],"wp:featuredmedia":[{"embeddable":true,"href":"https:\/\/www.almargenweb.com.ar\/web\/wp-json\/wp\/v2\/media\/26868"}],"wp:attachment":[{"href":"https:\/\/www.almargenweb.com.ar\/web\/wp-json\/wp\/v2\/media?parent=26867"}],"wp:term":[{"taxonomy":"category","embeddable":true,"href":"https:\/\/www.almargenweb.com.ar\/web\/wp-json\/wp\/v2\/categories?post=26867"},{"taxonomy":"post_tag","embeddable":true,"href":"https:\/\/www.almargenweb.com.ar\/web\/wp-json\/wp\/v2\/tags?post=26867"}],"curies":[{"name":"wp","href":"https:\/\/api.w.org\/{rel}","templated":true}]}}