{"id":26846,"date":"2018-07-27T17:09:03","date_gmt":"2018-07-27T20:09:03","guid":{"rendered":"http:\/\/www.almargenweb.com.ar\/web\/?p=26846"},"modified":"2018-07-27T17:09:03","modified_gmt":"2018-07-27T20:09:03","slug":"la-pavimentacion-de-la-ruta-grutly-hipatia-en-la-ley-de-endeudamiento","status":"publish","type":"post","link":"https:\/\/www.almargenweb.com.ar\/web\/la-pavimentacion-de-la-ruta-grutly-hipatia-en-la-ley-de-endeudamiento\/","title":{"rendered":"LA PAVIMENTACI\u00d3N DE LA RUTA GR\u00dcTLY-HIPATIA EN LA LEY DE ENDEUDAMIENTO"},"content":{"rendered":"<p dir=\"ltr\">En\u00a0 la sesi\u00f3n ordinaria N\u00b0 7 presidida por el vicegobernador de la provincia, C.P.N Carlos Fascendini, el cuerpo legislativo aprob\u00f3 la media sanci\u00f3n del proyecto de ley que autoriza al Poder Ejecutivo a emitir t\u00edtulos de deuda hasta 500 millones de d\u00f3lares, para la realizaci\u00f3n de obra p\u00fablica.<\/p>\n<p dir=\"ltr\">En el anexo A de la misma, entre las obras de pavimentaci\u00f3n, repavimentaci\u00f3n y estabilizados se encuentra la PAVIMENTACI\u00d3N DE LA RUTA 68s, TRAMO GR\u00dcTLY-HIPATIA; una obra muy esperada por los vecinos de Gr\u00fctly, debido a que contribuir\u00e1 al crecimiento y desarrollo de esta importante zona productiva.<\/p>\n<p dir=\"ltr\">La Presidenta Comunal de Gr\u00fctly Jimena Senn, manifesto:<i> &#8220;La realizaci\u00f3n de esta obra constituye un reclamo hist\u00f3rico de vecinos del Departamento Las Colonias y con el paso del tiempo su realizaci\u00f3n se manifiesta como impostergable.&#8221; <\/i>y continu\u00f3:<i> &#8221; por esta arteria vial circula gran cantidad de transporte de carga, maquinarias agr\u00edcolas en tiempo de cosecha, veh\u00edculos particulares que viajan diariamente a localidades vecinas por motivos laborales; y su pavimentaci\u00f3n permite acortar los tiempos de transporte y aumentar la competitividad de la Regi\u00f3n&#8221;<\/i><\/p>\n<p dir=\"ltr\">Para finalizar agradeci\u00f3 al Vicegobernador de la Provincia Carlos Alcides Fascendini, por realizar las gestiones necesarias para que esta importante obra se incluya en la Ley<\/p>\n<!-- AddThis Advanced Settings generic via filter on the_content --><!-- AddThis Share Buttons generic via filter on the_content -->","protected":false},"excerpt":{"rendered":"<p>En\u00a0 la sesi\u00f3n ordinaria N\u00b0 7 presidida por el vicegobernador de la provincia, C.P.N Carlos Fascendini, [&hellip;]<!-- AddThis Advanced Settings generic via filter on get_the_excerpt --><!-- AddThis Share Buttons generic via filter on get_the_excerpt --><\/p>\n","protected":false},"author":13,"featured_media":26847,"comment_status":"open","ping_status":"open","sticky":false,"template":"","format":"standard","meta":{"_seopress_robots_primary_cat":"","_seopress_titles_title":"","_seopress_titles_desc":"","_seopress_robots_index":"","_themeisle_gutenberg_block_has_review":false,"footnotes":""},"categories":[21],"tags":[],"class_list":["post-26846","post","type-post","status-publish","format-standard","has-post-thumbnail","hentry","category-las-colonias"],"_links":{"self":[{"href":"https:\/\/www.almargenweb.com.ar\/web\/wp-json\/wp\/v2\/posts\/26846","targetHints":{"allow":["GET"]}}],"collection":[{"href":"https:\/\/www.almargenweb.com.ar\/web\/wp-json\/wp\/v2\/posts"}],"about":[{"href":"https:\/\/www.almargenweb.com.ar\/web\/wp-json\/wp\/v2\/types\/post"}],"author":[{"embeddable":true,"href":"https:\/\/www.almargenweb.com.ar\/web\/wp-json\/wp\/v2\/users\/13"}],"replies":[{"embeddable":true,"href":"https:\/\/www.almargenweb.com.ar\/web\/wp-json\/wp\/v2\/comments?post=26846"}],"version-history":[{"count":1,"href":"https:\/\/www.almargenweb.com.ar\/web\/wp-json\/wp\/v2\/posts\/26846\/revisions"}],"predecessor-version":[{"id":26848,"href":"https:\/\/www.almargenweb.com.ar\/web\/wp-json\/wp\/v2\/posts\/26846\/revisions\/26848"}],"wp:featuredmedia":[{"embeddable":true,"href":"https:\/\/www.almargenweb.com.ar\/web\/wp-json\/wp\/v2\/media\/26847"}],"wp:attachment":[{"href":"https:\/\/www.almargenweb.com.ar\/web\/wp-json\/wp\/v2\/media?parent=26846"}],"wp:term":[{"taxonomy":"category","embeddable":true,"href":"https:\/\/www.almargenweb.com.ar\/web\/wp-json\/wp\/v2\/categories?post=26846"},{"taxonomy":"post_tag","embeddable":true,"href":"https:\/\/www.almargenweb.com.ar\/web\/wp-json\/wp\/v2\/tags?post=26846"}],"curies":[{"name":"wp","href":"https:\/\/api.w.org\/{rel}","templated":true}]}}