{"id":26837,"date":"2018-07-27T10:02:42","date_gmt":"2018-07-27T13:02:42","guid":{"rendered":"http:\/\/www.almargenweb.com.ar\/web\/?p=26837"},"modified":"2018-07-27T10:02:42","modified_gmt":"2018-07-27T13:02:42","slug":"los-municipales-anuncian-un-paro-en-toda-la-provincia","status":"publish","type":"post","link":"https:\/\/www.almargenweb.com.ar\/web\/los-municipales-anuncian-un-paro-en-toda-la-provincia\/","title":{"rendered":"Los municipales anuncian un paro en toda la provincia"},"content":{"rendered":"<p class=\"selectionShareable\">La Federaci\u00f3n de Sindicatos de Trabajadores Municipales de la Provincia de Santa Fe (Festram) anunci\u00f3 este jueves un paro para el pr\u00f3ximo 8 de agosto, detonado por el conflicto con el sector en la localidad de Fray Luis Beltr\u00e1n.<\/p>\n<p class=\"selectionShareable\">\nEn tanto, el mi\u00e9rcoles pr\u00f3ximo, 1\u00ba de agosto, el gremio realizar\u00e1 una movilizaci\u00f3n hacia la Municipalidad de dicha localidad, 17 kil\u00f3metros al norte de Rosario, \u201cdebido a los siete trabajadores despedidos en enero pasado y ante la inflexible postura de reincorporarlos\u201d.<\/p>\n<p class=\"selectionShareable\">\nEste viernes se realizar\u00e1 una conferencia de prensa para detallar los alcances del paro provincial del 8, aunque adelantaron que abarcar\u00e1 a los 42 sindicatos que nuclea la Festram.<\/p>\n<p class=\"selectionShareable\">\nEl conflicto se tens\u00f3 el mi\u00e9rcoles, con una protesta de los trabajadores despedidos sobre la ruta 11, que incluy\u00f3 el corte del tr\u00e1nsito sobre la v\u00eda.<\/p>\n<p class=\"selectionShareable\">\n\u201cNos preocupa volver a vivir la misma historia y sufrir esta crisis con un proceso de ajuste y despidos\u201d, expresaron desde la manifestaci\u00f3n los delegados de la Festram.<\/p>\n<p>&nbsp;<\/p>\n<!-- AddThis Advanced Settings generic via filter on the_content --><!-- AddThis Share Buttons generic via filter on the_content -->","protected":false},"excerpt":{"rendered":"<p>La Federaci\u00f3n de Sindicatos de Trabajadores Municipales de la Provincia de Santa Fe (Festram) anunci\u00f3 este [&hellip;]<!-- AddThis Advanced Settings generic via filter on get_the_excerpt --><!-- AddThis Share Buttons generic via filter on get_the_excerpt --><\/p>\n","protected":false},"author":13,"featured_media":26838,"comment_status":"open","ping_status":"open","sticky":false,"template":"","format":"standard","meta":{"_seopress_robots_primary_cat":"","_seopress_titles_title":"","_seopress_titles_desc":"","_seopress_robots_index":"","_themeisle_gutenberg_block_has_review":false,"footnotes":""},"categories":[48],"tags":[],"class_list":["post-26837","post","type-post","status-publish","format-standard","has-post-thumbnail","hentry","category-provinciales"],"_links":{"self":[{"href":"https:\/\/www.almargenweb.com.ar\/web\/wp-json\/wp\/v2\/posts\/26837","targetHints":{"allow":["GET"]}}],"collection":[{"href":"https:\/\/www.almargenweb.com.ar\/web\/wp-json\/wp\/v2\/posts"}],"about":[{"href":"https:\/\/www.almargenweb.com.ar\/web\/wp-json\/wp\/v2\/types\/post"}],"author":[{"embeddable":true,"href":"https:\/\/www.almargenweb.com.ar\/web\/wp-json\/wp\/v2\/users\/13"}],"replies":[{"embeddable":true,"href":"https:\/\/www.almargenweb.com.ar\/web\/wp-json\/wp\/v2\/comments?post=26837"}],"version-history":[{"count":1,"href":"https:\/\/www.almargenweb.com.ar\/web\/wp-json\/wp\/v2\/posts\/26837\/revisions"}],"predecessor-version":[{"id":26839,"href":"https:\/\/www.almargenweb.com.ar\/web\/wp-json\/wp\/v2\/posts\/26837\/revisions\/26839"}],"wp:featuredmedia":[{"embeddable":true,"href":"https:\/\/www.almargenweb.com.ar\/web\/wp-json\/wp\/v2\/media\/26838"}],"wp:attachment":[{"href":"https:\/\/www.almargenweb.com.ar\/web\/wp-json\/wp\/v2\/media?parent=26837"}],"wp:term":[{"taxonomy":"category","embeddable":true,"href":"https:\/\/www.almargenweb.com.ar\/web\/wp-json\/wp\/v2\/categories?post=26837"},{"taxonomy":"post_tag","embeddable":true,"href":"https:\/\/www.almargenweb.com.ar\/web\/wp-json\/wp\/v2\/tags?post=26837"}],"curies":[{"name":"wp","href":"https:\/\/api.w.org\/{rel}","templated":true}]}}