{"id":26819,"date":"2018-07-26T10:18:11","date_gmt":"2018-07-26T13:18:11","guid":{"rendered":"http:\/\/www.almargenweb.com.ar\/web\/?p=26819"},"modified":"2018-07-26T10:18:11","modified_gmt":"2018-07-26T13:18:11","slug":"aumentan-las-adopciones-de-adolescentes-en-la-provincia","status":"publish","type":"post","link":"https:\/\/www.almargenweb.com.ar\/web\/aumentan-las-adopciones-de-adolescentes-en-la-provincia\/","title":{"rendered":"Aumentan las adopciones de adolescentes en la provincia"},"content":{"rendered":"<p>Mientras que en 2016 hubo 3 adopciones de chicos mayores de 10 a\u00f1os, sobre un total de 49, en 2017 se lleg\u00f3 a 38 sobre 102. En 2018, contabilizado solo el primer semestre, ya se alcanzaron cifras similares al a\u00f1o pasado. Adjudican este logro a un cambio en el paradigma de adopci\u00f3n y mayor transparencia en el sistema de entrega.<\/p>\n<p>&nbsp;<\/p>\n<p class=\"selectionShareable\">De acuerdo a los datos brindados por Mat\u00edas Figueroa Escauriza, secretario provincial de Gesti\u00f3n P\u00fablica, en los \u00faltimos dos a\u00f1os la cantidad de adopciones de adolescentes \u201ccreci\u00f3 exponencialmente\u201d, al igual que la cantidad de familias adoptantes. Hasta no hace mucho, dijo el funcionario, casi no se concretaban adopciones y las existentes se limitaban pr\u00e1cticamente a reci\u00e9n nacidos. Por el contrario, en lo que va de 2018, a trav\u00e9s de distintas convocatorias p\u00fablicas, la provincia concret\u00f3 31 adopciones que responden a dicha franja etaria, es decir chicos y chicas de m\u00e1s de 10 a\u00f1os.<\/p>\n<p class=\"selectionShareable\">\n<p class=\"selectionShareable\">Esa cantidad representa m\u00e1s del 32% de los procesos de vinculaci\u00f3n para adopciones registrados este a\u00f1o, que han sido 96 hasta el mes de junio. Las adopciones de adolescentes hab\u00edan sido 3 de 49 en 2016 y 38 de 102 en 2017. Ahora, contabilizados s\u00f3lo seis meses, ya se lleg\u00f3 a n\u00fameros similares a los alcanzados en todo el a\u00f1o pasado. En di\u00e1logo con El Litoral, Figueroa adjudic\u00f3 este logro a dos motivos. Por un lado, \u201cal eficiente trabajo de regularizaci\u00f3n y transparencia impulsado desde el Registro \u00danico Provincial de Aspirantes a Guarda con Fines Adoptivos (Ruaga)\u201d, un organismo existente desde 2010 y a su cargo desde 2016.<\/p>\n<p class=\"selectionShareable\">\n<p class=\"selectionShareable\">Figueroa record\u00f3 que al asumir el monitoreo del Ruaga s\u00f3lo hab\u00eda 130 familias de la provincia de Santa Fe inscriptas en la Red Federal de Adopciones, mientras que ahora ya son 800, de un total de 4.500 en todo el pa\u00eds (cada provincia tiene su registro). En virtud de ese crecimiento, justamente, d\u00edas atr\u00e1s visit\u00f3 Rosario la directora nacional del Ruaga, Graciela Fescina. Ello se debe, dijo, a que, si bien las cifras descriptas son importantes como estad\u00edstica, tambi\u00e9n lo son por lo que significan en cuanto a la contenci\u00f3n humana y profesional de los chicos.<\/p>\n<p class=\"selectionShareable\">\n<p class=\"selectionShareable\"><strong>Esperas activas<\/strong><\/p>\n<p class=\"selectionShareable\">\n<p class=\"selectionShareable\">Como segundo motivo, Figueroa destac\u00f3 la existencia de \u201cun cambio de paradigma en la provincia de Santa Fe en materia de adopciones\u201d. Para conseguirlo, aclar\u00f3, fue necesario explicarles a las familias interesadas que \u201cno hay edad para el amor que se pueda brindar\u201d y que \u201ctodos los chicos necesitan una nueva oportunidad, sin importar si son reci\u00e9n nacidos o si tienen 13 a\u00f1os\u201d. As\u00ed, prosigui\u00f3, gracias a esas consignas, sumadas a una fuerte difusi\u00f3n y el apoyo constante de los medios de comunicaci\u00f3n, se logr\u00f3 que mucha gente modifique su disponibilidad, entendiendo la necesidad real de encontrar una familia para estos chicos, que tienen entre 10 y 18 a\u00f1os.<\/p>\n<p class=\"selectionShareable\">\n<p class=\"selectionShareable\">\u201cFue necesario concientizar a quienes est\u00e1n a punto de llevar a cabo una adopci\u00f3n, que los chicos reales son grandes\u201d, explic\u00f3 Figueroa, que tambi\u00e9n se preocup\u00f3 en aclarar que no hay mora en las adopciones, sino que muchas veces la adopci\u00f3n no se concreta porque la mayor\u00eda quiere reci\u00e9n nacidos.<\/p>\n<p class=\"selectionShareable\">\n<p class=\"selectionShareable\">\u201cHemos demostrado al pa\u00eds que se puede adoptar adolescentes\u201d, acot\u00f3.<\/p>\n<p class=\"selectionShareable\">\n<p class=\"selectionShareable\">En tal sentido, resalt\u00f3 como importante la decisi\u00f3n adoptada por el gobernador de la provincia a fines de 2016, al crear un nuevo decreto reglamentario del Ruaga. A partir de esa medida, la provincia empez\u00f3 a evaluar con otra orientaci\u00f3n a los adultos que ten\u00edan intenciones de adoptar, gener\u00e1ndose mayor transparencia, credibilidad y confianza en las partes involucradas. As\u00ed surgieron las denominadas \u201cesperas activas\u201d, instancias que sirvieron para contarles con claridad a los interesados qui\u00e9nes son los chicos que est\u00e1n para adopci\u00f3n y que la mayor\u00eda de ellos son grupos de hermanitos, por lo general mayores de 10 a\u00f1os. Esa concientizaci\u00f3n hizo que los aspirantes cambien su manera de ver y se conviertan en aliados del nuevo paradigma descripto por Figueroa. As\u00ed, fueron entendiendo que los chicos que est\u00e1n en adopci\u00f3n, muchas veces han sufrido distintos tipos de violencia (f\u00edsica, sicol\u00f3gica, abusos sexuales, maltratos) y arrastran historias de vidas en algunos casos muy dolorosas. Algunos est\u00e1n en hogares, instituciones intermedias, familias solidarias, o se cr\u00edan en sus familias ampliadas (con abuelas, t\u00edas, primas), a la espera de que alguien pueda cuidarlos de manera efectiva y para siempre.<\/p>\n<p class=\"selectionShareable\">\nEn las adopciones existe un elemento conceptual que hay que tener en cuenta: no se busca un chico o una chica para los adultos; se buscan adultos para esos chicos. Esa es la mirada de la adopci\u00f3n. No hay que procurar el chico que quiere a su semejanza el adulto, sino al rev\u00e9s. \u201cLa prioridad debe tenerla siempre el chico, por eso buscamos adultos que puedan prohijar a esos ni\u00f1os y adolescentes\u201d, complet\u00f3 el concepto Mat\u00edas Figueroa Escauriza.<\/p>\n<p class=\"selectionShareable\">\n<strong>Encuentro<\/strong><\/p>\n<p class=\"selectionShareable\">La provincia de Santa Fe ser\u00e1 sede del Encuentro Regional de Ruaga. Ser\u00e1 los d\u00edas 22 y 23 de agosto pr\u00f3ximos, en Rosario, donde se recibir\u00e1 a representantes de los registros de todo el pa\u00eds. El objetivo ser\u00e1 intercambiar sobre la experiencia santafesina en la transparencia del sistema de inscripci\u00f3n y la nueva mirada en el proceso de adopci\u00f3n de adolescentes a nivel nacional.<\/p>\n<p>&nbsp;<\/p>\n<p>&nbsp;<\/p>\n<p>&nbsp;<\/p>\n<p>&nbsp;<\/p>\n<p>Fuente: El Litoral.<\/p>\n<!-- AddThis Advanced Settings generic via filter on the_content --><!-- AddThis Share Buttons generic via filter on the_content -->","protected":false},"excerpt":{"rendered":"<p>Mientras que en 2016 hubo 3 adopciones de chicos mayores de 10 a\u00f1os, sobre un total [&hellip;]<!-- AddThis Advanced Settings generic via filter on get_the_excerpt --><!-- AddThis Share Buttons generic via filter on get_the_excerpt --><\/p>\n","protected":false},"author":13,"featured_media":26820,"comment_status":"open","ping_status":"open","sticky":false,"template":"","format":"standard","meta":{"_seopress_robots_primary_cat":"","_seopress_titles_title":"","_seopress_titles_desc":"","_seopress_robots_index":"","_themeisle_gutenberg_block_has_review":false,"footnotes":""},"categories":[48],"tags":[],"class_list":["post-26819","post","type-post","status-publish","format-standard","has-post-thumbnail","hentry","category-provinciales"],"_links":{"self":[{"href":"https:\/\/www.almargenweb.com.ar\/web\/wp-json\/wp\/v2\/posts\/26819","targetHints":{"allow":["GET"]}}],"collection":[{"href":"https:\/\/www.almargenweb.com.ar\/web\/wp-json\/wp\/v2\/posts"}],"about":[{"href":"https:\/\/www.almargenweb.com.ar\/web\/wp-json\/wp\/v2\/types\/post"}],"author":[{"embeddable":true,"href":"https:\/\/www.almargenweb.com.ar\/web\/wp-json\/wp\/v2\/users\/13"}],"replies":[{"embeddable":true,"href":"https:\/\/www.almargenweb.com.ar\/web\/wp-json\/wp\/v2\/comments?post=26819"}],"version-history":[{"count":1,"href":"https:\/\/www.almargenweb.com.ar\/web\/wp-json\/wp\/v2\/posts\/26819\/revisions"}],"predecessor-version":[{"id":26821,"href":"https:\/\/www.almargenweb.com.ar\/web\/wp-json\/wp\/v2\/posts\/26819\/revisions\/26821"}],"wp:featuredmedia":[{"embeddable":true,"href":"https:\/\/www.almargenweb.com.ar\/web\/wp-json\/wp\/v2\/media\/26820"}],"wp:attachment":[{"href":"https:\/\/www.almargenweb.com.ar\/web\/wp-json\/wp\/v2\/media?parent=26819"}],"wp:term":[{"taxonomy":"category","embeddable":true,"href":"https:\/\/www.almargenweb.com.ar\/web\/wp-json\/wp\/v2\/categories?post=26819"},{"taxonomy":"post_tag","embeddable":true,"href":"https:\/\/www.almargenweb.com.ar\/web\/wp-json\/wp\/v2\/tags?post=26819"}],"curies":[{"name":"wp","href":"https:\/\/api.w.org\/{rel}","templated":true}]}}