{"id":26813,"date":"2018-07-25T18:13:10","date_gmt":"2018-07-25T21:13:10","guid":{"rendered":"http:\/\/www.almargenweb.com.ar\/web\/?p=26813"},"modified":"2018-07-25T18:13:10","modified_gmt":"2018-07-25T21:13:10","slug":"farias-es-muy-complicado-establecer-recortes-de-la-magnitud-que-se-esta-pidiendo","status":"publish","type":"post","link":"https:\/\/www.almargenweb.com.ar\/web\/farias-es-muy-complicado-establecer-recortes-de-la-magnitud-que-se-esta-pidiendo\/","title":{"rendered":"Far\u00edas: &#8220;Es muy complicado establecer recortes de la magnitud que se est\u00e1 pidiendo&#8221;"},"content":{"rendered":"<p>El ministro de Gobierno hizo referencia al inicio de las conversaciones con Naci\u00f3n para consensuar los &#8220;ajustes&#8221; que se pretenden realizar sobre los fondos que env\u00eda el gobierno central a Santa Fe. Dijo que son recursos que tienen un destino concreto y dif\u00edcil de suplantar con el presupuesto provincial.<\/p>\n<p>El ministro de Gobierno de Santa Fe, Pablo Far\u00edas, lament\u00f3 que la Naci\u00f3n invite a las provincias para consensuar recortes presupuestarios y no se las convoque para definir cuestiones &#8220;trascendentales&#8221; de la econom\u00eda del pa\u00eds, como por ejemplo &#8220;acudir al Fondo Monetario Internacional&#8221;.<\/p>\n<div>El funcionario provincial hizo referencia a la reuni\u00f3n mantenida entre el ministro de Econom\u00eda de la provincia, Gonzalo Sagione, con referentes de la cartera econ\u00f3mica y del Ministerio del Interior. &#8220;Se les pide a las provincias empezar a analizar recortes importantes. Fundamentalmente en lo que son la transferencia de fondos que vienen de Naci\u00f3n a las provincias&#8221;, coment\u00f3 Far\u00edas a la prensa.<\/div>\n<div><\/div>\n<div>Si bien no se habl\u00f3 de porcentajes, el ministro de Gobierno reconoci\u00f3 la cifra que desde la Naci\u00f3n se apunt\u00f3 a los medios: m\u00e1s de $8 mil millones. &#8220;En la reuni\u00f3n de ayer (por el martes) no hubo ninguna respuesta por parte de la provincia a ese pedido. Es un tema delicado y que ya hemos anunciado, que es muy dif\u00edcil realizar recortes sobre los fondos que llegan a la provincia. Fundamentalmente porque est\u00e1n atados a leyes nacionales que son las que disponen c\u00f3mo se distribuyen esos fondos. Corresponden a necesidades econ\u00f3micas muy concretas y que es muy dif\u00edcil suplantar con el presupuesto provincial&#8221;.<\/div>\n<div><\/div>\n<div>Seg\u00fan cont\u00f3, la totalidad de los fondos que se transfieren de la Naci\u00f3n a la provincia estar\u00e1n dentro del an\u00e1lisis. &#8220;Se dej\u00f3 planteada esta situaci\u00f3n para luego poder avanzar en la pretensi\u00f3n de Naci\u00f3n en las pr\u00f3ximas reuniones&#8221;, agreg\u00f3.<\/div>\n<div><\/div>\n<div>&#8220;Para nosotros es muy complicado poder ver en qu\u00e9 \u00e1rea o rubros establecer recortes de la magnitud que se est\u00e1n pidiendo&#8221;, afirm\u00f3. Al mismo tiempo, lament\u00f3 que los gobiernos provinciales no hayan sido llamados para aportar soluciones a la crisis econ\u00f3mica, situaci\u00f3n que resolvi\u00f3 &#8220;unilateralmente&#8221; el gobierno a trav\u00e9s de un acuerdo con el FMI.<\/div>\n<div><\/div>\n<div>&#8220;Nos preocupa que se nos convoque para analizar recortes y reducciones de gastos y no cuando se toman decisiones importantes y trascendentales. El gobierno nacional unilateralmente, de la noche a la ma\u00f1ana, decidi\u00f3 acudir al FMI, en condiciones que no eran del todo favorable. Y ahora hay que cumplir condicionamientos que son parte de ese acuerdo&#8221;, manifest\u00f3.<\/div>\n<div>\n<div><\/div>\n<div>El referente del gobierno que conduce Miguel Lifschitz afirm\u00f3 que el escenario es complejo, ya que no se est\u00e1 hablando de &#8220;fondos que sobran o que est\u00e1n depositados en una cuenta, sino de recursos que est\u00e1n activos y aplicados a pol\u00edticas p\u00fablicas&#8221;.<\/div>\n<\/div>\n<div><\/div>\n<div><\/div>\n<div><\/div>\n<div><\/div>\n<div><\/div>\n<div>Fuente: UNO<\/div>\n<!-- AddThis Advanced Settings generic via filter on the_content --><!-- AddThis Share Buttons generic via filter on the_content -->","protected":false},"excerpt":{"rendered":"<p>El ministro de Gobierno hizo referencia al inicio de las conversaciones con Naci\u00f3n para consensuar los [&hellip;]<!-- AddThis Advanced Settings generic via filter on get_the_excerpt --><!-- AddThis Share Buttons generic via filter on get_the_excerpt --><\/p>\n","protected":false},"author":13,"featured_media":26814,"comment_status":"open","ping_status":"open","sticky":false,"template":"","format":"standard","meta":{"_seopress_robots_primary_cat":"","_seopress_titles_title":"","_seopress_titles_desc":"","_seopress_robots_index":"","_themeisle_gutenberg_block_has_review":false,"footnotes":""},"categories":[48],"tags":[],"class_list":["post-26813","post","type-post","status-publish","format-standard","has-post-thumbnail","hentry","category-provinciales"],"_links":{"self":[{"href":"https:\/\/www.almargenweb.com.ar\/web\/wp-json\/wp\/v2\/posts\/26813","targetHints":{"allow":["GET"]}}],"collection":[{"href":"https:\/\/www.almargenweb.com.ar\/web\/wp-json\/wp\/v2\/posts"}],"about":[{"href":"https:\/\/www.almargenweb.com.ar\/web\/wp-json\/wp\/v2\/types\/post"}],"author":[{"embeddable":true,"href":"https:\/\/www.almargenweb.com.ar\/web\/wp-json\/wp\/v2\/users\/13"}],"replies":[{"embeddable":true,"href":"https:\/\/www.almargenweb.com.ar\/web\/wp-json\/wp\/v2\/comments?post=26813"}],"version-history":[{"count":1,"href":"https:\/\/www.almargenweb.com.ar\/web\/wp-json\/wp\/v2\/posts\/26813\/revisions"}],"predecessor-version":[{"id":26815,"href":"https:\/\/www.almargenweb.com.ar\/web\/wp-json\/wp\/v2\/posts\/26813\/revisions\/26815"}],"wp:featuredmedia":[{"embeddable":true,"href":"https:\/\/www.almargenweb.com.ar\/web\/wp-json\/wp\/v2\/media\/26814"}],"wp:attachment":[{"href":"https:\/\/www.almargenweb.com.ar\/web\/wp-json\/wp\/v2\/media?parent=26813"}],"wp:term":[{"taxonomy":"category","embeddable":true,"href":"https:\/\/www.almargenweb.com.ar\/web\/wp-json\/wp\/v2\/categories?post=26813"},{"taxonomy":"post_tag","embeddable":true,"href":"https:\/\/www.almargenweb.com.ar\/web\/wp-json\/wp\/v2\/tags?post=26813"}],"curies":[{"name":"wp","href":"https:\/\/api.w.org\/{rel}","templated":true}]}}