{"id":26808,"date":"2018-07-25T18:03:53","date_gmt":"2018-07-25T21:03:53","guid":{"rendered":"http:\/\/www.almargenweb.com.ar\/web\/?p=26808"},"modified":"2018-07-25T18:03:53","modified_gmt":"2018-07-25T21:03:53","slug":"salud-educacion-obras-publicas-y-transporte-son-algunos-de-los-rubros-que-nacion-quiere-que-la-provincia-de-santa-fe-recorte","status":"publish","type":"post","link":"https:\/\/www.almargenweb.com.ar\/web\/salud-educacion-obras-publicas-y-transporte-son-algunos-de-los-rubros-que-nacion-quiere-que-la-provincia-de-santa-fe-recorte\/","title":{"rendered":"SALUD, EDUCACI\u00d3N, OBRAS P\u00daBLICAS Y TRANSPORTE son algunos de los rubros que Naci\u00f3n quiere que la Provincia de Santa Fe recorte"},"content":{"rendered":"<p>El gobierno nacional ofrece a las provincias que &#8220;propongan&#8221; en qu\u00e9 rubros van a realizar el ajuste fiscal de unos 100 mil millones de pesos comprometido con el Fondo Monetario Internacional (FMI). Ayer fue el turno de la provincia de Santa Fe, representada por su ministro de Econom\u00eda, Gonzalo Saglione. La Casa Rosada no habl\u00f3 de cifras, de todos modos, ya pens\u00f3 por d\u00f3nde podr\u00eda ajustar Santa Fe: obras p\u00fablicas, subsidios al transporte, incentivo docente, fondo de la soja y algunos programas nacionales de salud que se aplican en la provincia (vacunas, entre otros). As\u00ed se lo hicieron saber a Saglione en el primer encuentro. Las reuniones para el ajuste continuar\u00e1n las pr\u00f3ximas semanas.<\/p>\n<p align=\"justify\">Aunque sin su presencia, el despacho del ministro del Interior Rogelio Frigerio, en la planta baja de la Casa Rosada, abri\u00f3 nuevamente las puertas a la provincia de Santa Fe. Hasta all\u00ed lleg\u00f3 ayer Saglione, ya no para discutir alguna forma de pago de la hist\u00f3rica deuda que tiene la Naci\u00f3n con Santa Fe y que cuenta con un fallo favorable de la Corte Suprema. El debate por los flujos econ\u00f3micos entre el Estado provincial y nacional mantiene la direcci\u00f3n, pero cambi\u00f3 dram\u00e1ticamente de sentido, 180 grados. Hasta hace pocos d\u00edas las reuniones eran para recibir recursos federales, ahora son para poner recursos en el Tesoro nacional. &#8220;El federalismo al rev\u00e9s&#8221;, que anteayer describi\u00f3 el gobernador Miguel Lifschitz.<\/p>\n<p align=\"justify\">Santa Fe y La Pampa, ayer, y todas las provincias argentinas, en d\u00edas anteriores y subsiguientes, vienen desfilando por Balcarce 50 para asumir el cumplimiento del acuerdo de ajuste que el gobierno nacional firm\u00f3 con el FMI.<\/p>\n<p align=\"justify\">Saglione no fue recibido ayer por Frigerio, titular del despacho de la planta baja de la Casa Rosada que da al hist\u00f3rico Patio de las Palmeras. Tampoco por el titular de Hacienda, Nicol\u00e1s Dujovne, como se hab\u00eda anunciado. Fue recibido por segundas l\u00edneas: Rodrigo Pena (secretario de Hacienda), en representaci\u00f3n de Dujovne; Alejandro Caldarelli (secretario de Provincias y Municipios) y Paulino Caballero (subsecretario de Relaciones con las Provincias).<\/p>\n<p align=\"justify\">Fue una se\u00f1al. Santa Fe y La Pampa (provincia que tambi\u00e9n tuvo su reuni\u00f3n ayer), pareciera, no habr\u00edan demostrado a\u00fan la pasi\u00f3n pretendida por la Naci\u00f3n para aplicar el ajuste que se viene. Otros ministros de Econom\u00eda de provincias, en cambio, s\u00ed consiguieron que sean los propios ministros nacionales los que les transmitan la ingrata noticia del ajuste.<\/p>\n<p align=\"justify\">Seg\u00fan informaron desde el despacho del Ministerio de Interior a LaCapital, el formato de reuni\u00f3n se repite con las distintas provincias. Primero se analiza la situaci\u00f3n fiscal, luego se transmite el compromiso asumido con el organismo de cr\u00e9dito internacional en el sentido de una dr\u00e1stica reducci\u00f3n del d\u00e9ficit fiscal al 1,3 por ciento para 2019.<\/p>\n<p align=\"justify\">Desde la Casa Rosada comentaron que &#8220;abrimos todos los n\u00fameros, los ponemos sobre la mesa&#8221;. Luego agregaron, &#8220;les pedimos \u2014en este caso a Santa Fe\u2014 que trabajen en una propuesta para la pr\u00f3xima reuni\u00f3n&#8221;.<\/p>\n<p align=\"justify\">En el gobierno nacional apuestan a un consenso, como &#8220;lo hicimos con muchos temas&#8221; durante los a\u00f1os 2016 y 2017.<\/p>\n<p align=\"justify\">&#8220;No tenemos mayor\u00eda en las C\u00e1maras del Congreso, no podemos imponer nada solos&#8221;, deslizan.<\/p>\n<p align=\"justify\">Casi a las siete de la tarde, y luego de 80 minutos de reuni\u00f3n, el representante santafesino sali\u00f3 apurado por las galer\u00edas de la planta baja del hist\u00f3rico edificio. Solt\u00f3 apenas unas pocas palabras, evitando cualquier definici\u00f3n. Era la tarde noche m\u00e1s fr\u00eda de a\u00f1o, casi el mismo clima que tuvo la reuni\u00f3n. Y no ten\u00eda nada que celebrar.<\/p>\n<p align=\"justify\">\n<p align=\"justify\">\n<p align=\"justify\">Fuente: La Capital.<\/p>\n<!-- AddThis Advanced Settings generic via filter on the_content --><!-- AddThis Share Buttons generic via filter on the_content -->","protected":false},"excerpt":{"rendered":"<p>El gobierno nacional ofrece a las provincias que &#8220;propongan&#8221; en qu\u00e9 rubros van a realizar el [&hellip;]<!-- AddThis Advanced Settings generic via filter on get_the_excerpt --><!-- AddThis Share Buttons generic via filter on get_the_excerpt --><\/p>\n","protected":false},"author":13,"featured_media":26809,"comment_status":"open","ping_status":"open","sticky":false,"template":"","format":"standard","meta":{"_seopress_robots_primary_cat":"","_seopress_titles_title":"","_seopress_titles_desc":"","_seopress_robots_index":"","_themeisle_gutenberg_block_has_review":false,"footnotes":""},"categories":[5,48],"tags":[],"class_list":["post-26808","post","type-post","status-publish","format-standard","has-post-thumbnail","hentry","category-economia","category-provinciales"],"_links":{"self":[{"href":"https:\/\/www.almargenweb.com.ar\/web\/wp-json\/wp\/v2\/posts\/26808","targetHints":{"allow":["GET"]}}],"collection":[{"href":"https:\/\/www.almargenweb.com.ar\/web\/wp-json\/wp\/v2\/posts"}],"about":[{"href":"https:\/\/www.almargenweb.com.ar\/web\/wp-json\/wp\/v2\/types\/post"}],"author":[{"embeddable":true,"href":"https:\/\/www.almargenweb.com.ar\/web\/wp-json\/wp\/v2\/users\/13"}],"replies":[{"embeddable":true,"href":"https:\/\/www.almargenweb.com.ar\/web\/wp-json\/wp\/v2\/comments?post=26808"}],"version-history":[{"count":3,"href":"https:\/\/www.almargenweb.com.ar\/web\/wp-json\/wp\/v2\/posts\/26808\/revisions"}],"predecessor-version":[{"id":26812,"href":"https:\/\/www.almargenweb.com.ar\/web\/wp-json\/wp\/v2\/posts\/26808\/revisions\/26812"}],"wp:featuredmedia":[{"embeddable":true,"href":"https:\/\/www.almargenweb.com.ar\/web\/wp-json\/wp\/v2\/media\/26809"}],"wp:attachment":[{"href":"https:\/\/www.almargenweb.com.ar\/web\/wp-json\/wp\/v2\/media?parent=26808"}],"wp:term":[{"taxonomy":"category","embeddable":true,"href":"https:\/\/www.almargenweb.com.ar\/web\/wp-json\/wp\/v2\/categories?post=26808"},{"taxonomy":"post_tag","embeddable":true,"href":"https:\/\/www.almargenweb.com.ar\/web\/wp-json\/wp\/v2\/tags?post=26808"}],"curies":[{"name":"wp","href":"https:\/\/api.w.org\/{rel}","templated":true}]}}