{"id":26769,"date":"2018-07-24T19:33:12","date_gmt":"2018-07-24T22:33:12","guid":{"rendered":"http:\/\/www.almargenweb.com.ar\/web\/?p=26769"},"modified":"2018-07-24T19:33:12","modified_gmt":"2018-07-24T22:33:12","slug":"la-provincia-subastara-en-septiembre-el-primer-lote-de-vehiculos-decomisados","status":"publish","type":"post","link":"https:\/\/www.almargenweb.com.ar\/web\/la-provincia-subastara-en-septiembre-el-primer-lote-de-vehiculos-decomisados\/","title":{"rendered":"La provincia subastar\u00e1 en septiembre el primer lote de veh\u00edculos decomisados"},"content":{"rendered":"<p class=\"selectionShareable\">El secretario de Gesti\u00f3n P\u00fablica, Mat\u00edas Figueroa Escauriza, encabez\u00f3 este martes la firma de un convenio con los Colegios de Martilleros y corredores p\u00fablicos de la provincia para avanzar en la subasta de veh\u00edculos decomisados en la Agencia Provincial de Registro, Administraci\u00f3n y Destino de Bienes y Derechos Patrimoniales (Aprad),\u00a0<strong><a href=\"https:\/\/www.ellitoral.com\/index.php\/diarios\/2018\/07\/21\/sucesos\/SUCE-03.html\">inaugurada oficialmente la semana pasada en Alvear<\/a><\/strong>.<\/p>\n<p class=\"selectionShareable\">\nEn ese marco, Figueroa Escauriza manifest\u00f3 que \u201cel primer lote de automotores sale a remate en septiembre y se busca garantizar que los in\u00e9ditos procedimientos est\u00e9n dotados de pautas de seguridad y transparencia\u201d.<\/p>\n<p class=\"selectionShareable\">\nLos veh\u00edculos decomisados por la justicia penal en el marco de delitos provinciales se encuentran cautelados en los dos dep\u00f3sitos con los que cuenta la Aprad, en Alvear y Santo Tom\u00e9, donde se conservan en buen estado. \u201cSe trata de bienes provenientes de il\u00edcitos que ser\u00e1n exhibidos previamente para que todas las personas interesadas conozcan sus caracter\u00edsticas y puedan adquirirlos\u201d, explic\u00f3 Figueroa Escauriza.<\/p>\n<p class=\"selectionShareable\">\n\u201cLas subastas se realizar\u00e1n en lugares a designar oportunamente. Los autos, algunos de alta gama, tendr\u00e1n nueva patente, documentaci\u00f3n y tarjeta verde. Lo m\u00e1s significativo es que lo recaudado ser\u00e1 devuelto a la sociedad en materia de salud, educaci\u00f3n, cultura e investigaci\u00f3n, en lo que no s\u00f3lo constituye una pol\u00edtica p\u00fablica de vanguardia a nivel nacional sino sobre todo una medida de reparaci\u00f3n frente al da\u00f1o sufrido\u201d, detall\u00f3 el funcionario e hizo hincapi\u00e9 en que \u201cse establecen mecanismos de transparencia en cuanto a la venta de los efectos de modo que todos los involucrados tengan claridad y seguridad a la hora de la operatoria\u201d.<\/p>\n<p class=\"selectionShareable\">\n<strong>SOBRE LA APRAD<\/strong><\/p>\n<p class=\"selectionShareable\">\nEste nuevo organismo, creado por la ley N\u00ba 13.579 por iniciativa del Ministerio de Justicia y Derechos Humanos, y que funciona bajo su \u00f3rbita,\u00a0<strong><a href=\"https:\/\/www.ellitoral.com\/index.php\/id_um\/175094-la-provincia-restituira-a-las-arcas-publicas-los-bienes-decomisados-a-delincuentes-autos-bienes-muebles-e-inmuebles-entre-otros-politica.html\">dispone de los objetos secuestrados por la justici<\/a><\/strong>a en el marco de investigaciones penales y gestiona que pasen a la esfera estatal v\u00eda subasta o reutilizaci\u00f3n.<\/p>\n<p class=\"selectionShareable\">\nEl objetivo de este cambio en el sistema es afectar el poder econ\u00f3mico de las bandas delictivas y darles a los bienes adquiridos il\u00edcitamente un destino p\u00fablico, es decir que servir\u00e1n a los fines sociales en dependencias oficiales o en organizaciones civiles.<\/p>\n<p class=\"selectionShareable\">\n<a href=\"http:\/\/www.ellitoral.com\/index.php\/id_um\/165867-reglamentaron-la-ley-para-decomisar-bienes-procedentes-del-narcotrafico-cinco-de-los-22-articulos-politica.html\"><strong>La ley fue reglamentada por el Poder Ejecutivo en febrero pasado<\/strong><\/a>\u00a0y en este breve tiempo los dep\u00f3sitos de la Aprad ya alojan y custodian autos, computadoras, televisores y celulares, entre otros bienes muebles. Estos les son derivados por orden judicial desde las cinco regiones de la provincia. Los magistrados determinan si los objetos secuestrados tienen utilidad probatoria, en caso contrario la flamante agencia se encarga de todo lo relativo a su conservaci\u00f3n y restituci\u00f3n a la sociedad.<\/p>\n<p>&nbsp;<\/p>\n<p>&nbsp;<\/p>\n<p>&nbsp;<\/p>\n<p>Fuente: El Litoral.<\/p>\n<!-- AddThis Advanced Settings generic via filter on the_content --><!-- AddThis Share Buttons generic via filter on the_content -->","protected":false},"excerpt":{"rendered":"<p>El secretario de Gesti\u00f3n P\u00fablica, Mat\u00edas Figueroa Escauriza, encabez\u00f3 este martes la firma de un convenio [&hellip;]<!-- AddThis Advanced Settings generic via filter on get_the_excerpt --><!-- AddThis Share Buttons generic via filter on get_the_excerpt --><\/p>\n","protected":false},"author":13,"featured_media":26770,"comment_status":"open","ping_status":"open","sticky":false,"template":"","format":"standard","meta":{"_seopress_robots_primary_cat":"","_seopress_titles_title":"","_seopress_titles_desc":"","_seopress_robots_index":"","_themeisle_gutenberg_block_has_review":false,"footnotes":""},"categories":[48],"tags":[],"class_list":["post-26769","post","type-post","status-publish","format-standard","has-post-thumbnail","hentry","category-provinciales"],"_links":{"self":[{"href":"https:\/\/www.almargenweb.com.ar\/web\/wp-json\/wp\/v2\/posts\/26769","targetHints":{"allow":["GET"]}}],"collection":[{"href":"https:\/\/www.almargenweb.com.ar\/web\/wp-json\/wp\/v2\/posts"}],"about":[{"href":"https:\/\/www.almargenweb.com.ar\/web\/wp-json\/wp\/v2\/types\/post"}],"author":[{"embeddable":true,"href":"https:\/\/www.almargenweb.com.ar\/web\/wp-json\/wp\/v2\/users\/13"}],"replies":[{"embeddable":true,"href":"https:\/\/www.almargenweb.com.ar\/web\/wp-json\/wp\/v2\/comments?post=26769"}],"version-history":[{"count":2,"href":"https:\/\/www.almargenweb.com.ar\/web\/wp-json\/wp\/v2\/posts\/26769\/revisions"}],"predecessor-version":[{"id":26772,"href":"https:\/\/www.almargenweb.com.ar\/web\/wp-json\/wp\/v2\/posts\/26769\/revisions\/26772"}],"wp:featuredmedia":[{"embeddable":true,"href":"https:\/\/www.almargenweb.com.ar\/web\/wp-json\/wp\/v2\/media\/26770"}],"wp:attachment":[{"href":"https:\/\/www.almargenweb.com.ar\/web\/wp-json\/wp\/v2\/media?parent=26769"}],"wp:term":[{"taxonomy":"category","embeddable":true,"href":"https:\/\/www.almargenweb.com.ar\/web\/wp-json\/wp\/v2\/categories?post=26769"},{"taxonomy":"post_tag","embeddable":true,"href":"https:\/\/www.almargenweb.com.ar\/web\/wp-json\/wp\/v2\/tags?post=26769"}],"curies":[{"name":"wp","href":"https:\/\/api.w.org\/{rel}","templated":true}]}}