{"id":26764,"date":"2018-07-24T14:38:21","date_gmt":"2018-07-24T17:38:21","guid":{"rendered":"http:\/\/www.almargenweb.com.ar\/web\/?p=26764"},"modified":"2018-07-25T17:09:09","modified_gmt":"2018-07-25T20:09:09","slug":"comuna-de-sarmiento-nueva-iluminacion-led","status":"publish","type":"post","link":"https:\/\/www.almargenweb.com.ar\/web\/comuna-de-sarmiento-nueva-iluminacion-led\/","title":{"rendered":"Comuna de Sarmiento: nueva iluminaci\u00f3n led"},"content":{"rendered":"<p>La Localidad de Sarmiento cuenta con una nueva iluminaci\u00f3n Led en la v\u00eda publica. En esta primera etapa se colocaron en el per\u00edmetro de la Plaza San Mart\u00edn. Esta forma de iluminaci\u00f3n es mas eficiente y de menor consumo.<\/p>\n<p>As\u00ed se ve\u00eda antes:<\/p>\n<p><img loading=\"lazy\" decoding=\"async\" class=\"aligncenter wp-image-26765\" src=\"https:\/\/www.almargenweb.com.ar\/web\/wp-content\/uploads\/2018\/07\/37771494_247191509341988_3237256308583301120_n.jpg\" alt=\"\" width=\"613\" height=\"447\" srcset=\"https:\/\/www.almargenweb.com.ar\/web\/wp-content\/uploads\/2018\/07\/37771494_247191509341988_3237256308583301120_n.jpg 960w, https:\/\/www.almargenweb.com.ar\/web\/wp-content\/uploads\/2018\/07\/37771494_247191509341988_3237256308583301120_n-300x219.jpg 300w, https:\/\/www.almargenweb.com.ar\/web\/wp-content\/uploads\/2018\/07\/37771494_247191509341988_3237256308583301120_n-768x560.jpg 768w\" sizes=\"auto, (max-width: 613px) 100vw, 613px\" \/><\/p>\n<!-- AddThis Advanced Settings generic via filter on the_content --><!-- AddThis Share Buttons generic via filter on the_content -->","protected":false},"excerpt":{"rendered":"<p>La Localidad de Sarmiento cuenta con una nueva iluminaci\u00f3n Led en la v\u00eda publica. En esta [&hellip;]<!-- AddThis Advanced Settings generic via filter on get_the_excerpt --><!-- AddThis Share Buttons generic via filter on get_the_excerpt --><\/p>\n","protected":false},"author":13,"featured_media":26766,"comment_status":"open","ping_status":"open","sticky":false,"template":"","format":"standard","meta":{"_seopress_robots_primary_cat":"","_seopress_titles_title":"","_seopress_titles_desc":"","_seopress_robots_index":"","_themeisle_gutenberg_block_has_review":false,"footnotes":""},"categories":[20,21],"tags":[],"class_list":["post-26764","post","type-post","status-publish","format-standard","has-post-thumbnail","hentry","category-departamentales","category-las-colonias"],"_links":{"self":[{"href":"https:\/\/www.almargenweb.com.ar\/web\/wp-json\/wp\/v2\/posts\/26764","targetHints":{"allow":["GET"]}}],"collection":[{"href":"https:\/\/www.almargenweb.com.ar\/web\/wp-json\/wp\/v2\/posts"}],"about":[{"href":"https:\/\/www.almargenweb.com.ar\/web\/wp-json\/wp\/v2\/types\/post"}],"author":[{"embeddable":true,"href":"https:\/\/www.almargenweb.com.ar\/web\/wp-json\/wp\/v2\/users\/13"}],"replies":[{"embeddable":true,"href":"https:\/\/www.almargenweb.com.ar\/web\/wp-json\/wp\/v2\/comments?post=26764"}],"version-history":[{"count":1,"href":"https:\/\/www.almargenweb.com.ar\/web\/wp-json\/wp\/v2\/posts\/26764\/revisions"}],"predecessor-version":[{"id":26767,"href":"https:\/\/www.almargenweb.com.ar\/web\/wp-json\/wp\/v2\/posts\/26764\/revisions\/26767"}],"wp:featuredmedia":[{"embeddable":true,"href":"https:\/\/www.almargenweb.com.ar\/web\/wp-json\/wp\/v2\/media\/26766"}],"wp:attachment":[{"href":"https:\/\/www.almargenweb.com.ar\/web\/wp-json\/wp\/v2\/media?parent=26764"}],"wp:term":[{"taxonomy":"category","embeddable":true,"href":"https:\/\/www.almargenweb.com.ar\/web\/wp-json\/wp\/v2\/categories?post=26764"},{"taxonomy":"post_tag","embeddable":true,"href":"https:\/\/www.almargenweb.com.ar\/web\/wp-json\/wp\/v2\/tags?post=26764"}],"curies":[{"name":"wp","href":"https:\/\/api.w.org\/{rel}","templated":true}]}}