{"id":26743,"date":"2018-07-24T09:42:36","date_gmt":"2018-07-24T12:42:36","guid":{"rendered":"http:\/\/www.almargenweb.com.ar\/web\/?p=26743"},"modified":"2018-07-30T12:17:43","modified_gmt":"2018-07-30T15:17:43","slug":"lifschitz-rechazo-el-nuevo-ajuste-del-gobierno-nacional","status":"publish","type":"post","link":"https:\/\/www.almargenweb.com.ar\/web\/lifschitz-rechazo-el-nuevo-ajuste-del-gobierno-nacional\/","title":{"rendered":"Lifschitz rechaz\u00f3 el nuevo ajuste del Gobierno Nacional"},"content":{"rendered":"<p>\u201cNo estamos de acuerdo\u201d, advirti\u00f3 el gobernador a prop\u00f3sito de un posible ajuste desde el gobierno central para reducir el d\u00e9ficit fiscal. Gonzalo Saglione se re\u00fane con el ministro Nicol\u00e1s Dujovne. \u201cHoy tenemos un federalismo a la inversa\u201d, se quej\u00f3, para conmemorar el bicentenario de la asunci\u00f3n del Brigadier L\u00f3pez como el primer mandatario de Santa Fe.<\/p>\n<p>&nbsp;<\/p>\n<p class=\"selectionShareable\">El gobernador Miguel Lifschitz advirti\u00f3 este lunes que la provincia no aceptar\u00e1 recortes presupuestarios de la Naci\u00f3n; dijo que son \u201cdialoguistas\u201d, pero que no es vocaci\u00f3n de Santa Fe resignarse a perder recursos. \u201c(Estanislao L\u00f3pez) hubiera preparado Los Dragones\u201d, dijo, ir\u00f3nico, ante la consulta de un colega respecto de c\u00f3mo hubiera reaccionado el Brigadier ante la decisi\u00f3n del gobierno nacional de intentar recortar 8.300 millones de pesos. \u00c9se es el ajuste que le tocar\u00eda pagar a Santa Fe en este esquema de discusi\u00f3n del presupuesto nacional para 2019 que pretende reducir el d\u00e9ficit fiscal al 1,3 por ciento. Lifschitz confirm\u00f3 que por ese tema, el ministro de Econom\u00eda, Gonzalo Saglione, ser\u00e1 recibido este martes en Buenos Aires por el titular de la cartera econ\u00f3mica nacional, Nicol\u00e1s Dujovne.<\/p>\n<p class=\"selectionShareable\">\n<p class=\"selectionShareable\">El gobernador habl\u00f3 con la prensa, justamente, despu\u00e9s de presidir en la Plaza 25 de Mayo, el acto para conmemorar el bicentenario de la asunci\u00f3n de L\u00f3pez como primer mandatario de la provincia. \u201cEl federalismo sigue teniendo vigencia como idea de organizaci\u00f3n; una idea de un federalismo con un fuerte protagonismo de las provincias, con mucha autonom\u00eda para los gobiernos locales, cosa que es una deuda en el pa\u00eds desde hace m\u00e1s de dos siglos, pero que nosotros seguimos reivindicando. Por eso tiene sentido exaltar la figura de L\u00f3pez, que fue quiz\u00e1 uno de los caudillos provinciales con m\u00e1s visi\u00f3n estrat\u00e9gica, con m\u00e1s claridad; entendi\u00f3 las bases del desarrollo, pero tambi\u00e9n, la necesidad de organizar el pa\u00eds sobre una base confederal de provincias y territorios que eran preexistentes a la Naci\u00f3n\u201d, destac\u00f3.<\/p>\n<p class=\"selectionShareable\">\n<p class=\"selectionShareable\"><strong>&#8211; \u00bfEs un federalismo a la inversa el actual? \u00bfLa Naci\u00f3n llama a las provincias cuando hay que acordar recortes y ajustes? -pregunt\u00f3 El Litoral-<\/strong><\/p>\n<p class=\"selectionShareable\">\n&#8211; Digamos que s\u00ed. Nos hubiera gustado que nos llamaran tambi\u00e9n para discutir un proyecto de pa\u00eds, para discutir el futuro, para discutir las pol\u00edticas econ\u00f3micas y no s\u00f3lo el ajuste. Nosotros siempre estamos dispuestos al di\u00e1logo; estamos dispuestos a escuchar y contribuir con la Argentina en la medida que se respeten los derechos de la provincia de Santa Fe.<\/p>\n<p class=\"selectionShareable\">\n<p class=\"selectionShareable\"><strong>&#8211; \u00bfQu\u00e9 actitud van a tener ustedes con respecto a eso, al recorte?\u00bfQu\u00e9 van a hacer?<\/strong><\/p>\n<p class=\"selectionShareable\">\n&#8211; Primero vamos a escuchar. El ministro Saglione se reunir\u00e1 con Nicol\u00e1s Dujovne para conversar sobre la propuesta que est\u00e1 haciendo la Naci\u00f3n. Obviamente no estamos de acuerdo con que se recorten recursos que le corresponden a las provincias y m\u00e1s en un momento de dificultades de la econom\u00eda donde es necesario un estado presente; un estado no s\u00f3lo que no recorte sino que fortalezca las pol\u00edticas sociales y que sostenga y mantenga la obra p\u00fablica que es generadora de empleo y de movimiento econ\u00f3mico para todo el interior del pa\u00eds.<\/p>\n<p class=\"selectionShareable\">\n<p class=\"selectionShareable\"><strong>&#8211; \u00bfEse ajuste podr\u00eda complicar la negociaci\u00f3n por el pago de la deuda de coparticipaci\u00f3n? -consult\u00f3 este diario-<\/strong><\/p>\n<p class=\"selectionShareable\">\n&#8211; Entiendo que no. No debiera vincularse una situaci\u00f3n con la otra. El tema de la deuda es el cumplimiento de un fallo de la Suprema Corte de Justicia, y por tanto, corre por carriles diferentes. Vamos a ver tambi\u00e9n en estos d\u00edas de retomar esas negociaciones, a ver si podemos llegar a un acuerdo favorable para la provincia.<\/p>\n<p class=\"selectionShareable\">\n<p class=\"selectionShareable\"><strong>&#8211; \u00bfC\u00f3mo se hace para confiar en un acuerdo sustentado en pagar con obras, cuando se est\u00e1 hablando justamente de recortar?<\/strong><\/p>\n<p class=\"selectionShareable\">\n&#8211; \u00c9sa ha sido una de nuestras preocupaciones. Por eso hemos introducido en el acuerdo una cl\u00e1usula de garant\u00eda de manera que si no se cumple con las obras que se estipulan en el convenio, haya una forma de compensar a la provincia por esas obras no realizadas, a trav\u00e9s de una mayor cantidad de bonos que debieran existir en tal caso.<\/p>\n<p class=\"selectionShareable\">\n<!-- AddThis Advanced Settings generic via filter on the_content --><!-- AddThis Share Buttons generic via filter on the_content -->","protected":false},"excerpt":{"rendered":"<p>\u201cNo estamos de acuerdo\u201d, advirti\u00f3 el gobernador a prop\u00f3sito de un posible ajuste desde el gobierno [&hellip;]<!-- AddThis Advanced Settings generic via filter on get_the_excerpt --><!-- AddThis Share Buttons generic via filter on get_the_excerpt --><\/p>\n","protected":false},"author":13,"featured_media":26744,"comment_status":"open","ping_status":"open","sticky":false,"template":"","format":"standard","meta":{"_seopress_robots_primary_cat":"","_seopress_titles_title":"","_seopress_titles_desc":"","_seopress_robots_index":"","_themeisle_gutenberg_block_has_review":false,"footnotes":""},"categories":[48],"tags":[],"class_list":["post-26743","post","type-post","status-publish","format-standard","has-post-thumbnail","hentry","category-provinciales"],"_links":{"self":[{"href":"https:\/\/www.almargenweb.com.ar\/web\/wp-json\/wp\/v2\/posts\/26743","targetHints":{"allow":["GET"]}}],"collection":[{"href":"https:\/\/www.almargenweb.com.ar\/web\/wp-json\/wp\/v2\/posts"}],"about":[{"href":"https:\/\/www.almargenweb.com.ar\/web\/wp-json\/wp\/v2\/types\/post"}],"author":[{"embeddable":true,"href":"https:\/\/www.almargenweb.com.ar\/web\/wp-json\/wp\/v2\/users\/13"}],"replies":[{"embeddable":true,"href":"https:\/\/www.almargenweb.com.ar\/web\/wp-json\/wp\/v2\/comments?post=26743"}],"version-history":[{"count":1,"href":"https:\/\/www.almargenweb.com.ar\/web\/wp-json\/wp\/v2\/posts\/26743\/revisions"}],"predecessor-version":[{"id":26745,"href":"https:\/\/www.almargenweb.com.ar\/web\/wp-json\/wp\/v2\/posts\/26743\/revisions\/26745"}],"wp:featuredmedia":[{"embeddable":true,"href":"https:\/\/www.almargenweb.com.ar\/web\/wp-json\/wp\/v2\/media\/26744"}],"wp:attachment":[{"href":"https:\/\/www.almargenweb.com.ar\/web\/wp-json\/wp\/v2\/media?parent=26743"}],"wp:term":[{"taxonomy":"category","embeddable":true,"href":"https:\/\/www.almargenweb.com.ar\/web\/wp-json\/wp\/v2\/categories?post=26743"},{"taxonomy":"post_tag","embeddable":true,"href":"https:\/\/www.almargenweb.com.ar\/web\/wp-json\/wp\/v2\/tags?post=26743"}],"curies":[{"name":"wp","href":"https:\/\/api.w.org\/{rel}","templated":true}]}}