{"id":26728,"date":"2018-07-23T10:39:11","date_gmt":"2018-07-23T13:39:11","guid":{"rendered":"http:\/\/www.almargenweb.com.ar\/web\/?p=26728"},"modified":"2018-07-30T12:19:24","modified_gmt":"2018-07-30T15:19:24","slug":"la-provincia-de-santa-fe-cuenta-con-175-ofertas-de-formacion-laboral","status":"publish","type":"post","link":"https:\/\/www.almargenweb.com.ar\/web\/la-provincia-de-santa-fe-cuenta-con-175-ofertas-de-formacion-laboral\/","title":{"rendered":"La Provincia de Santa Fe cuenta con 175 ofertas de formaci\u00f3n laboral"},"content":{"rendered":"<p>Son cursos destinados a mejorar las condiciones de empleabilidad de las personas desocupadas u ocupadas con necesidades de recalificaci\u00f3n.<\/p>\n<div class=\"contenedor_img_uminterior\">\n<p>&nbsp;<\/p>\n<p class=\"selectionShareable\">La edici\u00f3n 2018 del programa Redes-Formaci\u00f3n para el trabajo, ya cuenta con 175 cursos de capacitaci\u00f3n laboral en la provincia de Santa Fe. As\u00ed lo inform\u00f3 el Ministerio de Trabajo y Seguridad Social, en el marco de la iniciativa del gobierno provincial que busca mejorar las condiciones de empleabilidad de las personas desocupadas u ocupadas con necesidades de recalificaci\u00f3n.<\/p>\n<p class=\"selectionShareable\">\n<p class=\"selectionShareable\">El titular de la cartera laboral Julio Genesini remarc\u00f3 la importancia de la capacitaci\u00f3n laboral y los nuevos cursos que se dictar\u00e1n: \u201cEste programa se inscribe en el esfuerzo que realiza la provincia para generar empleo digno y decente, como verdadera pol\u00edtica de Estado, en un sistema productivo que cada vez m\u00e1s requiere de capacitaci\u00f3n y formaci\u00f3n especiales\u201d.<\/p>\n<p class=\"selectionShareable\">\n<p class=\"selectionShareable\">En ese sentido y a lo largo de 2018, \u201cse realizaron o est\u00e1n en curso 175 capacitaciones laborales y vamos a seguir sumando nuevas propuestas. Actualmente, son 47 localidades de la provincia en las que estamos presentes brindando capacitaci\u00f3n laboral, que es uno de los ejes prioritarios de nuestra Agenda de Trabajo Decente 2017 &#8211; 2020\u2018, ahond\u00f3 el ministro.<\/p>\n<p class=\"selectionShareable\">\n<p class=\"selectionShareable\"><strong>\u00bfQu\u00e9 es?<\/strong><\/p>\n<p class=\"selectionShareable\">\nEl subsecretario de Pol\u00edticas de Empleo y Trabajo Decente Guillermo Cherner, precis\u00f3 que el programa Redes tiene la particularidad de inscribirse en el marco de las realidades locales; \u201cno es un enlatado que se diagrama detr\u00e1s de un escritorio, sino que tiene la flexibilidad de dise\u00f1ar cursos de capacitaci\u00f3n laboral adaptados al mercado laboral regional y las posibilidades reales de inclusi\u00f3n de aquellos que realizan el curso\u2018.<\/p>\n<p class=\"selectionShareable\">\n<p class=\"selectionShareable\">Adem\u00e1s, el funcionario valor\u00f3 que \u2018es una herramienta importante porque contempla la din\u00e1mica del mercado laboral y la situaci\u00f3n actual donde se precisa cada vez mayor preparaci\u00f3n y formaci\u00f3n\u2018.<\/p>\n<p class=\"selectionShareable\">\n<p class=\"selectionShareable\">La oferta de los cursos, cuyos objetivos son capacitar en competencias b\u00e1sicas o espec\u00edficas con distintos niveles de complejidad, de acuerdo a las necesidades e intereses, mejorando y ampliando las trayectorias y posibilidades laborales, incluyen capacitaci\u00f3n laboral en marketing; herrer\u00eda; fotograf\u00eda; dise\u00f1o y confecci\u00f3n de indumentaria; cocina y reposter\u00eda; viveros y huertas; cuidado de ni\u00f1os y ni\u00f1as, y adultos mayores, y promoci\u00f3n de oficios vinculados a empleos verdes, entre otras propuestas.<\/p>\n<p class=\"selectionShareable\">\n<p class=\"selectionShareable\"><strong>Toda una experiencia<\/strong><\/p>\n<p class=\"selectionShareable\">\nLa informaci\u00f3n oficial rese\u00f1a que durante el acto de entrega de certificados en la ciudad de P\u00e9rez, los egresados y egresadas de los cursos relataron sus experiencias y vivencias: \u2018Aprend\u00ed a hacer lemon pie, tortas y m\u00e1s cosas que pudimos comenzar a vender y as\u00ed obtener un ingreso\u2018, relat\u00f3 Daniela, egresada del curso de panificaci\u00f3n.<\/p>\n<p class=\"selectionShareable\">\n<p class=\"selectionShareable\">Por su parte, Evangelina cont\u00f3 que el curso de molder\u00eda textil \u2018me ense\u00f1\u00f3 muchas cosas que no sab\u00eda sobre el dise\u00f1o de ropa\u2018, y adem\u00e1s destac\u00f3 que \u2018a toda persona que quiera realizar estos cursos le dir\u00eda que los hagan, que no son una p\u00e9rdida de tiempo sino que es invertir en conocimiento. Mi proyecto es ahora tener mi propio emprendimiento\u2018.<\/p>\n<p class=\"selectionShareable\">\n<p class=\"selectionShareable\">Otro testimonio que se recoge es el de N\u00e9stor, quien realiz\u00f3 un curso de mec\u00e1nica para motos y capacita en el oficio a j\u00f3venes de su barrio. \u2018Le digo a los j\u00f3venes que se capaciten, que estudien, que a m\u00ed me sirvi\u00f3 para cambiar mi estilo de vida y me despert\u00f3 la vocaci\u00f3n por ense\u00f1ar y compartir los conocimientos que tengo\u2018, cont\u00f3.<\/p>\n<p class=\"selectionShareable\">\n<p class=\"selectionShareable\"><strong>Articulaci\u00f3n<\/strong><\/p>\n<p class=\"selectionShareable\">\nEl programa Redes, declarado de inter\u00e9s provincial por la Legislatura, se puso en marcha en 2016 y fue dise\u00f1ado por los ministerios de Trabajo y de Educaci\u00f3n de la provincia en articulaci\u00f3n con municipios, comunas y organizaciones de la sociedad civil. Los cursos se vinculan tambi\u00e9n con el ministerio de Salud y la subsecretar\u00eda de Inclusi\u00f3n para Personas con Discapacidad.<\/p>\n<p class=\"selectionShareable\">\n<p class=\"selectionShareable\"><strong>Lo importante<\/strong><\/p>\n<p class=\"selectionShareable\">\n<strong>Consultas:\u00a0<\/strong>Para conocer el listado de cursos y los contactos de las instituciones que los dictan, ingresar en:\u00a0<a href=\"https:\/\/goo.gl\/PcE7oM\">https:\/\/goo.gl\/PcE7oM<\/a><\/p>\n<p class=\"selectionShareable\">\n<p class=\"selectionShareable\"><strong>Nexo empleo<\/strong><\/p>\n<p class=\"selectionShareable\">\nEl Ministerio de Trabajo y Seguridad Social puso en marcha el servicio m\u00f3vil de Nexo Empleo, que consta de un equipo de especialistas y capacitadores que recorren el territorio santafesino brindando a j\u00f3venes, talleres de capacitaci\u00f3n en competencias b\u00e1sicas: dise\u00f1o y confecci\u00f3n de curr\u00edculum; preparaci\u00f3n, disposici\u00f3n y consejos para afrontar una entrevista laboral; actualizaci\u00f3n y carga de curr\u00edculum en el sitio, y normativas laborales.<\/p>\n<p class=\"selectionShareable\">\n<p class=\"selectionShareable\">Para ello se cuenta con una plataforma web redise\u00f1ada, una aplicaci\u00f3n para celulares y la l\u00ednea de Nexo Oportunidad que permite la pr\u00e1ctica laboral de aquellas poblaciones con mayores dificultades de acceso al mercado de trabajo, explic\u00f3 el subsecretario de Pol\u00edticas de Empleo y Trabajo Decente Guillermo Cherner.<\/p>\n<p class=\"selectionShareable\">\n<p class=\"selectionShareable\">El servicio m\u00f3vil de Nexo Empleo ya realiz\u00f3 actividades en las localidades de Videla y Nelson, donde los asistentes recibieron una capacitaci\u00f3n para la b\u00fasqueda efectiva de empleo y asesoramiento a cargo de especialistas en la materia.<\/p>\n<p class=\"selectionShareable\">\n<p class=\"selectionShareable\">Los municipios o comunas que deseen solicitar la presencia de este equipo de capacitadores puede comunicarse por correo a nexomovil@santafe.gov.ar o por tel\u00e9fono con las oficinas de Rosario (0341-4721372) o de Santa Fe (0342-4846200, interno 37636).<\/p>\n<\/div>\n<!-- AddThis Advanced Settings generic via filter on the_content --><!-- AddThis Share Buttons generic via filter on the_content -->","protected":false},"excerpt":{"rendered":"<p>Son cursos destinados a mejorar las condiciones de empleabilidad de las personas desocupadas u ocupadas con [&hellip;]<!-- AddThis Advanced Settings generic via filter on get_the_excerpt --><!-- AddThis Share Buttons generic via filter on get_the_excerpt --><\/p>\n","protected":false},"author":13,"featured_media":26729,"comment_status":"open","ping_status":"open","sticky":false,"template":"","format":"standard","meta":{"_seopress_robots_primary_cat":"","_seopress_titles_title":"","_seopress_titles_desc":"","_seopress_robots_index":"","_themeisle_gutenberg_block_has_review":false,"footnotes":""},"categories":[48],"tags":[],"class_list":["post-26728","post","type-post","status-publish","format-standard","has-post-thumbnail","hentry","category-provinciales"],"_links":{"self":[{"href":"https:\/\/www.almargenweb.com.ar\/web\/wp-json\/wp\/v2\/posts\/26728","targetHints":{"allow":["GET"]}}],"collection":[{"href":"https:\/\/www.almargenweb.com.ar\/web\/wp-json\/wp\/v2\/posts"}],"about":[{"href":"https:\/\/www.almargenweb.com.ar\/web\/wp-json\/wp\/v2\/types\/post"}],"author":[{"embeddable":true,"href":"https:\/\/www.almargenweb.com.ar\/web\/wp-json\/wp\/v2\/users\/13"}],"replies":[{"embeddable":true,"href":"https:\/\/www.almargenweb.com.ar\/web\/wp-json\/wp\/v2\/comments?post=26728"}],"version-history":[{"count":2,"href":"https:\/\/www.almargenweb.com.ar\/web\/wp-json\/wp\/v2\/posts\/26728\/revisions"}],"predecessor-version":[{"id":26731,"href":"https:\/\/www.almargenweb.com.ar\/web\/wp-json\/wp\/v2\/posts\/26728\/revisions\/26731"}],"wp:featuredmedia":[{"embeddable":true,"href":"https:\/\/www.almargenweb.com.ar\/web\/wp-json\/wp\/v2\/media\/26729"}],"wp:attachment":[{"href":"https:\/\/www.almargenweb.com.ar\/web\/wp-json\/wp\/v2\/media?parent=26728"}],"wp:term":[{"taxonomy":"category","embeddable":true,"href":"https:\/\/www.almargenweb.com.ar\/web\/wp-json\/wp\/v2\/categories?post=26728"},{"taxonomy":"post_tag","embeddable":true,"href":"https:\/\/www.almargenweb.com.ar\/web\/wp-json\/wp\/v2\/tags?post=26728"}],"curies":[{"name":"wp","href":"https:\/\/api.w.org\/{rel}","templated":true}]}}