{"id":26695,"date":"2018-07-18T17:52:03","date_gmt":"2018-07-18T20:52:03","guid":{"rendered":"http:\/\/www.almargenweb.com.ar\/web\/?p=26695"},"modified":"2018-07-30T12:20:31","modified_gmt":"2018-07-30T15:20:31","slug":"la-provincia-sera-sede-del-campeonato-nacional-de-ciclismo-adaptado-argentino","status":"publish","type":"post","link":"https:\/\/www.almargenweb.com.ar\/web\/la-provincia-sera-sede-del-campeonato-nacional-de-ciclismo-adaptado-argentino\/","title":{"rendered":"LA PROVINCIA SER\u00c1 SEDE DEL CAMPEONATO NACIONAL DE CICLISMO ADAPTADO ARGENTINO"},"content":{"rendered":"<p>Este s\u00e1bado en la ciudad de Santa Fe se disputar\u00e1 la primera fecha del torneo y el domingo el Rafaela la segunda.<\/p>\n<p>La provincia de Santa Fe ser\u00e1 sede este s\u00e1bado y domingo de la primera y segunda fecha del Campeonato Nacional de Ciclismo Adaptado Argentino, que re\u00fane a deportistas de todo el pa\u00eds y de Brasil.<\/p>\n<p>La primer jornada se disputar\u00e1 este s\u00e1bado, a las 11 horas, en la ciudad de Santa Fe; en tanto que el domingo ser\u00e1 el turno de la segunda fecha, a las 9 horas en la ciudad de Rafaela.<\/p>\n<p>El anuncio lo realiz\u00f3 este mi\u00e9rcoles el ministro de Desarrollo Social, Jorge Alvarez; junto al presidente de la Asociaci\u00f3n Civil de Ciclismo Adaptado (Acdavel), Daniel Quiroga; el director T\u00e9cnico de la Selecci\u00f3n Nacional de Ciclismo Adaptado, Mart\u00edn Ferrari; la secretaria de Desarrollo estrat\u00e9gico y Resiliencia de la Municipalidad de Santa Fe, Andrea Valsagna; y el deportista de paraciclismo santafesino Facundo Quiroga.<\/p>\n<p>\u201cQuiero agradecer a Daniel Quiroga el trabajo y el esfuerzo para llevar adelante este evento en la provincia de Santa Fe. Desde el gobierno provincial potenciamos y acompa\u00f1amos el desarrollo del deporte adaptado a trav\u00e9s de eventos como este, pero tambi\u00e9n desde programas como Santa Fe Juega, que en esta edici\u00f3n tiene 180.000 inscriptos y casi 3000 participan en deportes adaptados\u201d, indic\u00f3 Alvarez y record\u00f3 que \u201cel a\u00f1o pasado en los Juegos Nacionales Evita la delegaci\u00f3n logr\u00f3 el segundo lugar al igual que los deportes convencionales en Mar del Plata\u201d.<\/p>\n<p>\u201cEl compromiso del gobernador Miguel Lifschitz es fortalecer el deporte de base, pero tambi\u00e9n el deporte internacional, por eso es importante para nosotros haber sido sede del Mundial U17 de B\u00e1squet, el Mundial Juvenil de V\u00f3ley, los Test Match de Los Pumas y Las Leonas, la Liga de V\u00f3ley de las Naciones, los Juegos Nacionales de Playa, los Suramericanos de Playa y el Mundial Juvenil de Rugby. Estas distintas actividades deportivas, adem\u00e1s de dejar un legado de infraestructura, hacen que muchos m\u00e1s santafesinos se sumen a la pr\u00e1ctica deportiva\u201d, concluy\u00f3 Alvarez.<\/p>\n<p>Por su parte, el presidente de Acdavel agradeci\u00f3 el apoyo de la provincia y destac\u00f3 que \u201ccuando fui a la secretaria de Desarrollo Deportivo a presentar el proyecto enseguida me apoyaron y comenzamos, desde hace cuatro meses, a trabajar en equipo para materializar este sue\u00f1o que empezaremos a disfrutar en 48 horas\u201d.<\/p>\n<p>A su turno, el director T\u00e9cnico de la Selecci\u00f3n Nacional de Ciclismo Adaptado expres\u00f3 que \u201cestoy sorprendido por lo que est\u00e1n organizando, felicitaciones especialmente a Daniel, Facundo y toda su familia por este logro, ojal\u00e1 sea el inicio de grandes proyectos que ayuden a difundir y potenciar el deporte adaptado\u201d.<\/p>\n<p><strong>LA COMPETENCIA<\/strong><br \/>\nDurante la primera fecha, en la ciudad de Santa Fe, la carrera &#8220;Crono&#8221; se largar\u00e1 a las 11 horas, mientras que a las 14 horas se realizar\u00e1 la largada de la carrera \u201cPelot\u00f3n\u201d que concentrar\u00e1 a las distintas categor\u00edas: handbikes, tandem, triciclos y bicicletas convencionales adaptadas.<\/p>\n<p>La competencia consistir\u00e1 en recorrer un circuito de 5300 metros que unir\u00e1 las dos costaneras por el Puente Colgante. La premiaci\u00f3n est\u00e1 concertada para las 16 horas.<\/p>\n<p>El campeonato re\u00fane a cuarenta participantes de todo el pa\u00eds, de los cuales, catorce son debutantes, seis son oriundos de la provincia (tres de Rosario, uno de Santa Fe, uno de Avellaneda y uno de Reconquista) m\u00e1s cuatro deportistas de Brasil.<\/p>\n<p>Facundo Quiroga quien, desde el a\u00f1o pasado viene desarrollando esta actividad deportiva con profundo \u00e9xito en la categor\u00eda Handbike, participar\u00e1 de la competencia. Adem\u00e1s, fuera elegido para el Proyecto Deportivo Handbike por Alumnos del Escuela Industrial Superior de la Universidad Nacional del Litoral, quienes construyeron \u00edntegramente un veh\u00edculo para la competencia.<\/p>\n<p>\u201cInvito a la gente a conocer el deporte y a sumarse a nuevos deportistas, ya que si uno se lo propone, lo puede lograr. Este deporte me encanta, y f\u00edsicamente me ayuda porque entreno, hago gimnasia, rehabilitaci\u00f3n, bici, todos los d\u00edas para mejorar mi calidad de vida, hacer un deporte y gracias a esto, represento a mi provincia y a Argentina\u201d, expres\u00f3 el deportista.<\/p>\n<p>Adem\u00e1s, actividades previas al campeonato, como la presentaci\u00f3n de los atletas al p\u00fablico el viernes a las 11 horas en la estaci\u00f3n Belgrano, boulevar G\u00e1lvez 1150, y una carrera de exhibici\u00f3n de todos los atletas por la ciudad, con la presencia de Valeria Gaza, reconocida abanderada de la inclusi\u00f3n social hacia el deporte.<\/p>\n<p>En tanto, en Rafaela, la segunda fecha ser\u00e1 el domingo 22 de julio desde las 9 horas.<\/p>\n<p><strong>PRESENTES<\/strong><br \/>\nLa conferencia de prensa se llev\u00f3 a cabo en &#8220;1980&#8221; Costa Este en la ciudad de Santa Fe, y participaron el secretario de Desarrollo Deportivo, Pablo Cat\u00e1n; el director provincial de Clubes y Capacitaci\u00f3n Regiones I, II y III, Mart\u00edn Nocioni; la secretaria de Desarrollo Social de la Municipalidad de Santa Fe, Cecilia Battistutti; entre otras autoridades.<\/p>\n<!-- AddThis Advanced Settings generic via filter on the_content --><!-- AddThis Share Buttons generic via filter on the_content -->","protected":false},"excerpt":{"rendered":"<p>Este s\u00e1bado en la ciudad de Santa Fe se disputar\u00e1 la primera fecha del torneo y [&hellip;]<!-- AddThis Advanced Settings generic via filter on get_the_excerpt --><!-- AddThis Share Buttons generic via filter on get_the_excerpt --><\/p>\n","protected":false},"author":13,"featured_media":26698,"comment_status":"open","ping_status":"open","sticky":false,"template":"","format":"standard","meta":{"_seopress_robots_primary_cat":"","_seopress_titles_title":"","_seopress_titles_desc":"","_seopress_robots_index":"","_themeisle_gutenberg_block_has_review":false,"footnotes":""},"categories":[48],"tags":[],"class_list":["post-26695","post","type-post","status-publish","format-standard","has-post-thumbnail","hentry","category-provinciales"],"_links":{"self":[{"href":"https:\/\/www.almargenweb.com.ar\/web\/wp-json\/wp\/v2\/posts\/26695","targetHints":{"allow":["GET"]}}],"collection":[{"href":"https:\/\/www.almargenweb.com.ar\/web\/wp-json\/wp\/v2\/posts"}],"about":[{"href":"https:\/\/www.almargenweb.com.ar\/web\/wp-json\/wp\/v2\/types\/post"}],"author":[{"embeddable":true,"href":"https:\/\/www.almargenweb.com.ar\/web\/wp-json\/wp\/v2\/users\/13"}],"replies":[{"embeddable":true,"href":"https:\/\/www.almargenweb.com.ar\/web\/wp-json\/wp\/v2\/comments?post=26695"}],"version-history":[{"count":1,"href":"https:\/\/www.almargenweb.com.ar\/web\/wp-json\/wp\/v2\/posts\/26695\/revisions"}],"predecessor-version":[{"id":26697,"href":"https:\/\/www.almargenweb.com.ar\/web\/wp-json\/wp\/v2\/posts\/26695\/revisions\/26697"}],"wp:featuredmedia":[{"embeddable":true,"href":"https:\/\/www.almargenweb.com.ar\/web\/wp-json\/wp\/v2\/media\/26698"}],"wp:attachment":[{"href":"https:\/\/www.almargenweb.com.ar\/web\/wp-json\/wp\/v2\/media?parent=26695"}],"wp:term":[{"taxonomy":"category","embeddable":true,"href":"https:\/\/www.almargenweb.com.ar\/web\/wp-json\/wp\/v2\/categories?post=26695"},{"taxonomy":"post_tag","embeddable":true,"href":"https:\/\/www.almargenweb.com.ar\/web\/wp-json\/wp\/v2\/tags?post=26695"}],"curies":[{"name":"wp","href":"https:\/\/api.w.org\/{rel}","templated":true}]}}