{"id":26690,"date":"2018-07-18T17:45:09","date_gmt":"2018-07-18T20:45:09","guid":{"rendered":"http:\/\/www.almargenweb.com.ar\/web\/?p=26690"},"modified":"2018-07-18T17:45:09","modified_gmt":"2018-07-18T20:45:09","slug":"comuna-de-progreso-4o-jornada-de-castracion-masiva-y-gratuita-de-perros-y-gatos","status":"publish","type":"post","link":"https:\/\/www.almargenweb.com.ar\/web\/comuna-de-progreso-4o-jornada-de-castracion-masiva-y-gratuita-de-perros-y-gatos\/","title":{"rendered":"COMUNA DE PROGRESO: 4\u00ba Jornada de Castraci\u00f3n Masiva y Gratuita de perros y gatos"},"content":{"rendered":"<div class=\"y_1lpj9dyqe9 g_1lpj9dsug- clearfix\">\n<div class=\"clearfix u_1lpj9dys3a\">\n<div class=\"clearfix _42ef\">\n<div class=\"y_1lpj9dys39\">\n<div>\n<div class=\"_6a _5u5j\">\n<div class=\"_6a _5u5j _6b\">\n<div id=\"feed_subtitle_100009655579339:2556381846160108897\" class=\"_5pcp _5lel _2jyu _232_\">\n<div class=\"_6a _29ee _4f-9 _43_1\" role=\"img\" data-hover=\"tooltip\" data-tooltip-content=\"Compartido con: P\u00fablico\" aria-label=\"Compartido con: P\u00fablico\">La\u00a0Comuna de Progreso\u00a0informa que el d\u00eda s\u00e1bado 21 de Julio se llevar\u00e1 a cabo la 4\u00ba Jornada de Castraci\u00f3n Masiva y Gratuita de perros y gatos.<\/div>\n<\/div>\n<\/div>\n<\/div>\n<\/div>\n<\/div>\n<\/div>\n<\/div>\n<\/div>\n<div id=\"js_9a\" class=\"_5pbx userContent _3576\" data-ft=\"{&quot;tn&quot;:&quot;K&quot;}\">\n<p>Previamente deber\u00e1n inscribir las mascotas en Mesa de Entrada de la Comuna desde el 16 de Julio de 7 a 12 horas.<br \/>\nLa Jornada es exclusivamente para las mascotas de Progreso.<\/p>\n<\/div>\n<!-- AddThis Advanced Settings generic via filter on the_content --><!-- AddThis Share Buttons generic via filter on the_content -->","protected":false},"excerpt":{"rendered":"<p>La\u00a0Comuna de Progreso\u00a0informa que el d\u00eda s\u00e1bado 21 de Julio se llevar\u00e1 a cabo la 4\u00ba [&hellip;]<!-- AddThis Advanced Settings generic via filter on get_the_excerpt --><!-- AddThis Share Buttons generic via filter on get_the_excerpt --><\/p>\n","protected":false},"author":13,"featured_media":26693,"comment_status":"open","ping_status":"open","sticky":false,"template":"","format":"standard","meta":{"_seopress_robots_primary_cat":"","_seopress_titles_title":"","_seopress_titles_desc":"","_seopress_robots_index":"","_themeisle_gutenberg_block_has_review":false,"footnotes":""},"categories":[20,21],"tags":[],"class_list":["post-26690","post","type-post","status-publish","format-standard","has-post-thumbnail","hentry","category-departamentales","category-las-colonias"],"_links":{"self":[{"href":"https:\/\/www.almargenweb.com.ar\/web\/wp-json\/wp\/v2\/posts\/26690","targetHints":{"allow":["GET"]}}],"collection":[{"href":"https:\/\/www.almargenweb.com.ar\/web\/wp-json\/wp\/v2\/posts"}],"about":[{"href":"https:\/\/www.almargenweb.com.ar\/web\/wp-json\/wp\/v2\/types\/post"}],"author":[{"embeddable":true,"href":"https:\/\/www.almargenweb.com.ar\/web\/wp-json\/wp\/v2\/users\/13"}],"replies":[{"embeddable":true,"href":"https:\/\/www.almargenweb.com.ar\/web\/wp-json\/wp\/v2\/comments?post=26690"}],"version-history":[{"count":1,"href":"https:\/\/www.almargenweb.com.ar\/web\/wp-json\/wp\/v2\/posts\/26690\/revisions"}],"predecessor-version":[{"id":26694,"href":"https:\/\/www.almargenweb.com.ar\/web\/wp-json\/wp\/v2\/posts\/26690\/revisions\/26694"}],"wp:featuredmedia":[{"embeddable":true,"href":"https:\/\/www.almargenweb.com.ar\/web\/wp-json\/wp\/v2\/media\/26693"}],"wp:attachment":[{"href":"https:\/\/www.almargenweb.com.ar\/web\/wp-json\/wp\/v2\/media?parent=26690"}],"wp:term":[{"taxonomy":"category","embeddable":true,"href":"https:\/\/www.almargenweb.com.ar\/web\/wp-json\/wp\/v2\/categories?post=26690"},{"taxonomy":"post_tag","embeddable":true,"href":"https:\/\/www.almargenweb.com.ar\/web\/wp-json\/wp\/v2\/tags?post=26690"}],"curies":[{"name":"wp","href":"https:\/\/api.w.org\/{rel}","templated":true}]}}