{"id":26689,"date":"2018-07-18T17:42:29","date_gmt":"2018-07-18T20:42:29","guid":{"rendered":"http:\/\/www.almargenweb.com.ar\/web\/?p=26689"},"modified":"2018-07-18T17:42:29","modified_gmt":"2018-07-18T20:42:29","slug":"san-carlos-sud-firma-convenio-con-la-administracion-provincial-de-vialidad","status":"publish","type":"post","link":"https:\/\/www.almargenweb.com.ar\/web\/san-carlos-sud-firma-convenio-con-la-administracion-provincial-de-vialidad\/","title":{"rendered":"San Carlos Sud, firma convenio con la administraci\u00f3n provincial de vialidad"},"content":{"rendered":"<p style=\"font-weight: 400;\">El Presidente Comunal de San Carlos Sud Arq. Santiago Walker, recibi\u00f3 en su despacho al Subadministrador de Vialidad Provincial, Rafael De Pace, donde se llev\u00f3 a cabo la firma de un convenio para un aporte de material asf\u00e1ltico recuperado que ser\u00e1 destinado al camino l\u00edmite con la localidad de Matilde.<\/p>\n<p style=\"font-weight: 400;\">Ambas comunas est\u00e1n trabajando de manera conjunta en la recuperaci\u00f3n de este camino tan importante que tienen las 2 localidades en com\u00fan.<\/p>\n<!-- AddThis Advanced Settings generic via filter on the_content --><!-- AddThis Share Buttons generic via filter on the_content -->","protected":false},"excerpt":{"rendered":"<p>El Presidente Comunal de San Carlos Sud Arq. Santiago Walker, recibi\u00f3 en su despacho al Subadministrador [&hellip;]<!-- AddThis Advanced Settings generic via filter on get_the_excerpt --><!-- AddThis Share Buttons generic via filter on get_the_excerpt --><\/p>\n","protected":false},"author":14,"featured_media":26691,"comment_status":"open","ping_status":"open","sticky":false,"template":"","format":"standard","meta":{"_seopress_robots_primary_cat":"","_seopress_titles_title":"","_seopress_titles_desc":"","_seopress_robots_index":"","_themeisle_gutenberg_block_has_review":false,"footnotes":""},"categories":[21],"tags":[],"class_list":["post-26689","post","type-post","status-publish","format-standard","has-post-thumbnail","hentry","category-las-colonias"],"_links":{"self":[{"href":"https:\/\/www.almargenweb.com.ar\/web\/wp-json\/wp\/v2\/posts\/26689","targetHints":{"allow":["GET"]}}],"collection":[{"href":"https:\/\/www.almargenweb.com.ar\/web\/wp-json\/wp\/v2\/posts"}],"about":[{"href":"https:\/\/www.almargenweb.com.ar\/web\/wp-json\/wp\/v2\/types\/post"}],"author":[{"embeddable":true,"href":"https:\/\/www.almargenweb.com.ar\/web\/wp-json\/wp\/v2\/users\/14"}],"replies":[{"embeddable":true,"href":"https:\/\/www.almargenweb.com.ar\/web\/wp-json\/wp\/v2\/comments?post=26689"}],"version-history":[{"count":1,"href":"https:\/\/www.almargenweb.com.ar\/web\/wp-json\/wp\/v2\/posts\/26689\/revisions"}],"predecessor-version":[{"id":26692,"href":"https:\/\/www.almargenweb.com.ar\/web\/wp-json\/wp\/v2\/posts\/26689\/revisions\/26692"}],"wp:featuredmedia":[{"embeddable":true,"href":"https:\/\/www.almargenweb.com.ar\/web\/wp-json\/wp\/v2\/media\/26691"}],"wp:attachment":[{"href":"https:\/\/www.almargenweb.com.ar\/web\/wp-json\/wp\/v2\/media?parent=26689"}],"wp:term":[{"taxonomy":"category","embeddable":true,"href":"https:\/\/www.almargenweb.com.ar\/web\/wp-json\/wp\/v2\/categories?post=26689"},{"taxonomy":"post_tag","embeddable":true,"href":"https:\/\/www.almargenweb.com.ar\/web\/wp-json\/wp\/v2\/tags?post=26689"}],"curies":[{"name":"wp","href":"https:\/\/api.w.org\/{rel}","templated":true}]}}