{"id":26630,"date":"2018-07-12T20:19:11","date_gmt":"2018-07-12T23:19:11","guid":{"rendered":"http:\/\/www.almargenweb.com.ar\/web\/?p=26630"},"modified":"2018-07-12T20:19:11","modified_gmt":"2018-07-12T23:19:11","slug":"por-irregularidades-en-los-balances-del-pro-inhabilitan-a-miguel-del-sel-a-ejercer-cargos-politicos","status":"publish","type":"post","link":"https:\/\/www.almargenweb.com.ar\/web\/por-irregularidades-en-los-balances-del-pro-inhabilitan-a-miguel-del-sel-a-ejercer-cargos-politicos\/","title":{"rendered":"Por irregularidades en los balances del PRO, inhabilitan a Miguel del Sel a ejercer cargos pol\u00edticos"},"content":{"rendered":"<p class=\"selectionShareable\">Miguel Del Sel no podr\u00e1 ejercer cargos p\u00fablicos por seis meses. Esa fue la sanci\u00f3n que el juez federal de Santa Fe, Reinaldo Rodr\u00edguez, le impuso tras considerar que el balance que el PRO present\u00f3 en 2012 no detalla de d\u00f3nde salieron ni para qu\u00e9 se usaron los fondos de campa\u00f1a de esa fuerza pol\u00edtica.<\/p>\n<p class=\"selectionShareable\">\nEn su resoluci\u00f3n el juez se\u00f1al\u00f3 que la liquidaci\u00f3n presentada por el PRO \u201cno contaba con la acreditaci\u00f3n del origen y\/o destino de los fondos recibidos por parte del presidente y tesorero del partido y los responsables pol\u00edticos y econ\u00f3mico-financieros de la campa\u00f1a\u201d.<\/p>\n<p class=\"selectionShareable\">\nEl magistrado tambi\u00e9n manifest\u00f3 que no pudo analizar las dos cuentas del PRO en el Banco Naci\u00f3n porque las autoridades del partido no le presentaron los extractos bancarios.<\/p>\n<p class=\"selectionShareable\">\nRodr\u00edguez manifest\u00f3 que incluso la C\u00e1mara Nacional Electoral les hab\u00eda llamado la atenci\u00f3n sobre las irregularidades que nunca se hab\u00edan aclarado. Tambi\u00e9n, trascendi\u00f3 que el PRO en Santa Fe omiti\u00f3 darle detalles a la Justicia sobre partidas pendientes de cobro derivadas de aportes p\u00fablicos y privados para las campa\u00f1as.<\/p>\n<!-- AddThis Advanced Settings generic via filter on the_content --><!-- AddThis Share Buttons generic via filter on the_content -->","protected":false},"excerpt":{"rendered":"<p>Miguel Del Sel no podr\u00e1 ejercer cargos p\u00fablicos por seis meses. Esa fue la sanci\u00f3n que [&hellip;]<!-- AddThis Advanced Settings generic via filter on get_the_excerpt --><!-- AddThis Share Buttons generic via filter on get_the_excerpt --><\/p>\n","protected":false},"author":13,"featured_media":26631,"comment_status":"open","ping_status":"open","sticky":false,"template":"","format":"standard","meta":{"_seopress_robots_primary_cat":"","_seopress_titles_title":"","_seopress_titles_desc":"","_seopress_robots_index":"","_themeisle_gutenberg_block_has_review":false,"footnotes":""},"categories":[2,9,48],"tags":[],"class_list":["post-26630","post","type-post","status-publish","format-standard","has-post-thumbnail","hentry","category-actualidad","category-politica","category-provinciales"],"_links":{"self":[{"href":"https:\/\/www.almargenweb.com.ar\/web\/wp-json\/wp\/v2\/posts\/26630","targetHints":{"allow":["GET"]}}],"collection":[{"href":"https:\/\/www.almargenweb.com.ar\/web\/wp-json\/wp\/v2\/posts"}],"about":[{"href":"https:\/\/www.almargenweb.com.ar\/web\/wp-json\/wp\/v2\/types\/post"}],"author":[{"embeddable":true,"href":"https:\/\/www.almargenweb.com.ar\/web\/wp-json\/wp\/v2\/users\/13"}],"replies":[{"embeddable":true,"href":"https:\/\/www.almargenweb.com.ar\/web\/wp-json\/wp\/v2\/comments?post=26630"}],"version-history":[{"count":1,"href":"https:\/\/www.almargenweb.com.ar\/web\/wp-json\/wp\/v2\/posts\/26630\/revisions"}],"predecessor-version":[{"id":26632,"href":"https:\/\/www.almargenweb.com.ar\/web\/wp-json\/wp\/v2\/posts\/26630\/revisions\/26632"}],"wp:featuredmedia":[{"embeddable":true,"href":"https:\/\/www.almargenweb.com.ar\/web\/wp-json\/wp\/v2\/media\/26631"}],"wp:attachment":[{"href":"https:\/\/www.almargenweb.com.ar\/web\/wp-json\/wp\/v2\/media?parent=26630"}],"wp:term":[{"taxonomy":"category","embeddable":true,"href":"https:\/\/www.almargenweb.com.ar\/web\/wp-json\/wp\/v2\/categories?post=26630"},{"taxonomy":"post_tag","embeddable":true,"href":"https:\/\/www.almargenweb.com.ar\/web\/wp-json\/wp\/v2\/tags?post=26630"}],"curies":[{"name":"wp","href":"https:\/\/api.w.org\/{rel}","templated":true}]}}