{"id":26621,"date":"2018-07-09T20:29:22","date_gmt":"2018-07-09T23:29:22","guid":{"rendered":"http:\/\/www.almargenweb.com.ar\/web\/?p=26621"},"modified":"2018-07-09T20:29:22","modified_gmt":"2018-07-09T23:29:22","slug":"grutly-se-vistio-de-fiesta-para-celebrar-el-9-de-julio","status":"publish","type":"post","link":"https:\/\/www.almargenweb.com.ar\/web\/grutly-se-vistio-de-fiesta-para-celebrar-el-9-de-julio\/","title":{"rendered":"GR\u00dcTLY SE VISTI\u00d3 DE FIESTA PARA CELEBRAR EL 9 DE JULIO"},"content":{"rendered":"<div>La localidad de Gr\u00fctly celebr\u00f3 el D\u00eda de la Independencia con un desfile tradicionalista. Columnas de caballos acompa\u00f1ados por las banderas\u00a0 de distintas instituciones del pueblo, engalanaron las calles de la localidad. El desfile culmin\u00f3 en la Plaza San Mart\u00edn con la presentaci\u00f3n del Taller de M\u00fasica Local de la Profesora M\u00f3nica Martinoto, y Miguel Gutierrez con su acorde\u00f3n.<\/div>\n<div><\/div>\n<div><img loading=\"lazy\" decoding=\"async\" class=\"alignnone size-medium wp-image-26627\" src=\"https:\/\/www.almargenweb.com.ar\/web\/wp-content\/uploads\/2018\/07\/20180709_194444-1-300x253.jpg\" alt=\"\" width=\"300\" height=\"253\" srcset=\"https:\/\/www.almargenweb.com.ar\/web\/wp-content\/uploads\/2018\/07\/20180709_194444-1-300x253.jpg 300w, https:\/\/www.almargenweb.com.ar\/web\/wp-content\/uploads\/2018\/07\/20180709_194444-1.jpg 720w\" sizes=\"auto, (max-width: 300px) 100vw, 300px\" \/><\/div>\n<div><\/div>\n<div>Consultada al respecto la Presidenta Comunal Jimena Senn expres\u00f3 &#8230;<i>&#8220;Estoy muy contenta de poder celebrar el 9 de julio en la plaza de nuestro pueblo y que Gr\u00fctly se vista de fiesta. Es una fecha muy importante para los Argentinos, donde se nos presenta una vez m\u00e1s la posibilidad de pensar y reflexionar sobre todo lo que logramos, y todo lo que nos falta; y que mejor manera que hacerlo juntos, unidos y trabajando por el bien de la comunidad.&#8221;<\/i><\/div>\n<div><\/div>\n<div><img loading=\"lazy\" decoding=\"async\" class=\"alignnone wp-image-26625 size-full\" src=\"https:\/\/www.almargenweb.com.ar\/web\/wp-content\/uploads\/2018\/07\/IMG_20180709_150218917.jpg\" alt=\"\" width=\"1200\" height=\"900\" srcset=\"https:\/\/www.almargenweb.com.ar\/web\/wp-content\/uploads\/2018\/07\/IMG_20180709_150218917.jpg 1200w, https:\/\/www.almargenweb.com.ar\/web\/wp-content\/uploads\/2018\/07\/IMG_20180709_150218917-300x225.jpg 300w, https:\/\/www.almargenweb.com.ar\/web\/wp-content\/uploads\/2018\/07\/IMG_20180709_150218917-768x576.jpg 768w, https:\/\/www.almargenweb.com.ar\/web\/wp-content\/uploads\/2018\/07\/IMG_20180709_150218917-1024x768.jpg 1024w\" sizes=\"auto, (max-width: 1200px) 100vw, 1200px\" \/><\/div>\n<!-- AddThis Advanced Settings generic via filter on the_content --><!-- AddThis Share Buttons generic via filter on the_content -->","protected":false},"excerpt":{"rendered":"<p>La localidad de Gr\u00fctly celebr\u00f3 el D\u00eda de la Independencia con un desfile tradicionalista. Columnas de [&hellip;]<!-- AddThis Advanced Settings generic via filter on get_the_excerpt --><!-- AddThis Share Buttons generic via filter on get_the_excerpt --><\/p>\n","protected":false},"author":13,"featured_media":26624,"comment_status":"open","ping_status":"open","sticky":false,"template":"","format":"standard","meta":{"_seopress_robots_primary_cat":"","_seopress_titles_title":"","_seopress_titles_desc":"","_seopress_robots_index":"","_themeisle_gutenberg_block_has_review":false,"footnotes":""},"categories":[2,20,21],"tags":[],"class_list":["post-26621","post","type-post","status-publish","format-standard","has-post-thumbnail","hentry","category-actualidad","category-departamentales","category-las-colonias"],"_links":{"self":[{"href":"https:\/\/www.almargenweb.com.ar\/web\/wp-json\/wp\/v2\/posts\/26621","targetHints":{"allow":["GET"]}}],"collection":[{"href":"https:\/\/www.almargenweb.com.ar\/web\/wp-json\/wp\/v2\/posts"}],"about":[{"href":"https:\/\/www.almargenweb.com.ar\/web\/wp-json\/wp\/v2\/types\/post"}],"author":[{"embeddable":true,"href":"https:\/\/www.almargenweb.com.ar\/web\/wp-json\/wp\/v2\/users\/13"}],"replies":[{"embeddable":true,"href":"https:\/\/www.almargenweb.com.ar\/web\/wp-json\/wp\/v2\/comments?post=26621"}],"version-history":[{"count":3,"href":"https:\/\/www.almargenweb.com.ar\/web\/wp-json\/wp\/v2\/posts\/26621\/revisions"}],"predecessor-version":[{"id":26628,"href":"https:\/\/www.almargenweb.com.ar\/web\/wp-json\/wp\/v2\/posts\/26621\/revisions\/26628"}],"wp:featuredmedia":[{"embeddable":true,"href":"https:\/\/www.almargenweb.com.ar\/web\/wp-json\/wp\/v2\/media\/26624"}],"wp:attachment":[{"href":"https:\/\/www.almargenweb.com.ar\/web\/wp-json\/wp\/v2\/media?parent=26621"}],"wp:term":[{"taxonomy":"category","embeddable":true,"href":"https:\/\/www.almargenweb.com.ar\/web\/wp-json\/wp\/v2\/categories?post=26621"},{"taxonomy":"post_tag","embeddable":true,"href":"https:\/\/www.almargenweb.com.ar\/web\/wp-json\/wp\/v2\/tags?post=26621"}],"curies":[{"name":"wp","href":"https:\/\/api.w.org\/{rel}","templated":true}]}}