{"id":26604,"date":"2018-07-09T19:05:58","date_gmt":"2018-07-09T22:05:58","guid":{"rendered":"http:\/\/www.almargenweb.com.ar\/web\/?p=26604"},"modified":"2018-07-09T19:05:58","modified_gmt":"2018-07-09T22:05:58","slug":"con-la-noche-de-cultura-comenzo-la-fiesta-patronal-de-la-comuna-de-sarmiento","status":"publish","type":"post","link":"https:\/\/www.almargenweb.com.ar\/web\/con-la-noche-de-cultura-comenzo-la-fiesta-patronal-de-la-comuna-de-sarmiento\/","title":{"rendered":"Con la &#8220;Noche de Cultura&#8221; comenz\u00f3 la Fiesta Patronal de la Comuna de Sarmiento"},"content":{"rendered":"<p>Organizado por la Comuna, el fin de semana se dio inicio a las Fiestas Patronales en la localidad de Sarmiento.<\/p>\n<p>El s\u00e1bado, en la &#8220;Noche de Cultura&#8221; se realiz\u00f3 la premiaci\u00f3n del 1\u00ba Certamen Literario y la presentaci\u00f3n del Coro Comunal. El dia de hoy se celebr\u00f3 el cumplea\u00f1os de la Patria con distintas actividades,\u00a0en el Centro Cultural Comunal se llev\u00f3 a cabo la Muestra de Caricaturas &#8220;Infancia y Barrio&#8221; y en la Plaza San Mart\u00edn hubo Juegos y chocolatada para los chicos.<\/p>\n<p>Les recordamos que los festejos siguen de mi\u00e9rcoles a domingo hasta fin de mes, a continuaci\u00f3n el cronograma completo.<\/p>\n<p><img loading=\"lazy\" decoding=\"async\" class=\"aligncenter wp-image-26609 size-full\" src=\"https:\/\/www.almargenweb.com.ar\/web\/wp-content\/uploads\/2018\/07\/36536865_228835821177557_8719687533992083456_n.jpg\" alt=\"\" width=\"678\" height=\"960\" srcset=\"https:\/\/www.almargenweb.com.ar\/web\/wp-content\/uploads\/2018\/07\/36536865_228835821177557_8719687533992083456_n.jpg 678w, https:\/\/www.almargenweb.com.ar\/web\/wp-content\/uploads\/2018\/07\/36536865_228835821177557_8719687533992083456_n-212x300.jpg 212w\" sizes=\"auto, (max-width: 678px) 100vw, 678px\" \/><\/p>\n<!-- AddThis Advanced Settings generic via filter on the_content --><!-- AddThis Share Buttons generic via filter on the_content -->","protected":false},"excerpt":{"rendered":"<p>Organizado por la Comuna, el fin de semana se dio inicio a las Fiestas Patronales en [&hellip;]<!-- AddThis Advanced Settings generic via filter on get_the_excerpt --><!-- AddThis Share Buttons generic via filter on get_the_excerpt --><\/p>\n","protected":false},"author":13,"featured_media":26610,"comment_status":"open","ping_status":"open","sticky":false,"template":"","format":"standard","meta":{"_seopress_robots_primary_cat":"","_seopress_titles_title":"","_seopress_titles_desc":"","_seopress_robots_index":"","_themeisle_gutenberg_block_has_review":false,"footnotes":""},"categories":[20,21],"tags":[],"class_list":["post-26604","post","type-post","status-publish","format-standard","has-post-thumbnail","hentry","category-departamentales","category-las-colonias"],"_links":{"self":[{"href":"https:\/\/www.almargenweb.com.ar\/web\/wp-json\/wp\/v2\/posts\/26604","targetHints":{"allow":["GET"]}}],"collection":[{"href":"https:\/\/www.almargenweb.com.ar\/web\/wp-json\/wp\/v2\/posts"}],"about":[{"href":"https:\/\/www.almargenweb.com.ar\/web\/wp-json\/wp\/v2\/types\/post"}],"author":[{"embeddable":true,"href":"https:\/\/www.almargenweb.com.ar\/web\/wp-json\/wp\/v2\/users\/13"}],"replies":[{"embeddable":true,"href":"https:\/\/www.almargenweb.com.ar\/web\/wp-json\/wp\/v2\/comments?post=26604"}],"version-history":[{"count":4,"href":"https:\/\/www.almargenweb.com.ar\/web\/wp-json\/wp\/v2\/posts\/26604\/revisions"}],"predecessor-version":[{"id":26614,"href":"https:\/\/www.almargenweb.com.ar\/web\/wp-json\/wp\/v2\/posts\/26604\/revisions\/26614"}],"wp:featuredmedia":[{"embeddable":true,"href":"https:\/\/www.almargenweb.com.ar\/web\/wp-json\/wp\/v2\/media\/26610"}],"wp:attachment":[{"href":"https:\/\/www.almargenweb.com.ar\/web\/wp-json\/wp\/v2\/media?parent=26604"}],"wp:term":[{"taxonomy":"category","embeddable":true,"href":"https:\/\/www.almargenweb.com.ar\/web\/wp-json\/wp\/v2\/categories?post=26604"},{"taxonomy":"post_tag","embeddable":true,"href":"https:\/\/www.almargenweb.com.ar\/web\/wp-json\/wp\/v2\/tags?post=26604"}],"curies":[{"name":"wp","href":"https:\/\/api.w.org\/{rel}","templated":true}]}}