{"id":26574,"date":"2018-07-05T19:40:36","date_gmt":"2018-07-05T22:40:36","guid":{"rendered":"http:\/\/www.almargenweb.com.ar\/web\/?p=26574"},"modified":"2018-07-05T19:40:36","modified_gmt":"2018-07-05T22:40:36","slug":"preocupacion-porque-nacion-suspendio-partidas-para-el-hospital-de-reconquista","status":"publish","type":"post","link":"https:\/\/www.almargenweb.com.ar\/web\/preocupacion-porque-nacion-suspendio-partidas-para-el-hospital-de-reconquista\/","title":{"rendered":"PREOCUPACI\u00d3N PORQUE NACI\u00d3N SUSPENDI\u00d3 PARTIDAS PARA EL HOSPITAL DE RECONQUISTA"},"content":{"rendered":"<p>Francisco Sellar\u00e9s, presidente del Concejo Municipal de Reconquista, dijo por Cadena Oh! \u201cEstamos muy preocupados porque ayer nos anoticiamos de que el ajuste de Cambiemos lleg\u00f3 a la obra p\u00fablica\u201d, en referencia a la suspensi\u00f3n de las partidas para el Hospital de Reconquista.<\/p>\n<p>Sellar\u00e9s fue muy cr\u00edtico por lo que consider\u00f3 \u201cnueva puesta en escena del gobierno nacional que nos afecta a los santafesinos del norte\u201d, en obvia alusi\u00f3n a la suspensi\u00f3n del env\u00edo de fondos para el Hospital de Reconquista.<\/p>\n<p>El concejal record\u00f3 que tiempo atr\u00e1s el propio ministro Frigerio hab\u00eda firmado un convenio para que el gobierno nacional enviara 600 millones de pesos, \u201cpero\u00a0hasta ahora solamente enviaron 300 millones\u201d.<\/p>\n<p>\u201cSe envi\u00f3 el 45% de ese dinero y Naci\u00f3n decidi\u00f3 no enviar m\u00e1s partidas de dinero y eso nos causa preocupaci\u00f3n porque el ajuste de Cambiemos llega a la obra p\u00fablica,\u00a0por eso desde el Concejo enviaremos una nota al ministro y tomamos contacto con la senadora Sacnum quien tambi\u00e9n presentar\u00e1 un pedido de informes de este recorte presupuestario\u201d, confirm\u00f3 Sellar\u00e9s por Cadena Oh!<\/p>\n<h4><strong><em>\u201cLa obra no peligra porque el gobierno provincial har\u00e1 el esfuerzo\u201d<\/em><\/strong><\/h4>\n<p>Cabe se\u00f1alar que el Hospital de Reconquista est\u00e1 en su \u00faltima etapa de construcci\u00f3n y desde el gobierno provincial se inform\u00f3 que har\u00e1n todos los esfuerzos para terminar con la obra. Recordemos que la partida de la Naci\u00f3n era para la compra de equipamiento m\u00e9dico. Despu\u00e9s llegar\u00e1 otra etapa, tambi\u00e9n dif\u00edcil, que es conseguir el personal de salud para las demandas del Nuevo Hospital de Reconquista.<\/p>\n<p>&nbsp;<\/p>\n<p>&nbsp;<\/p>\n<p>&nbsp;<\/p>\n<p>Fuente: Sin Mordaza.<\/p>\n<!-- AddThis Advanced Settings generic via filter on the_content --><!-- AddThis Share Buttons generic via filter on the_content -->","protected":false},"excerpt":{"rendered":"<p>Francisco Sellar\u00e9s, presidente del Concejo Municipal de Reconquista, dijo por Cadena Oh! \u201cEstamos muy preocupados porque [&hellip;]<!-- AddThis Advanced Settings generic via filter on get_the_excerpt --><!-- AddThis Share Buttons generic via filter on get_the_excerpt --><\/p>\n","protected":false},"author":13,"featured_media":26575,"comment_status":"open","ping_status":"open","sticky":false,"template":"","format":"standard","meta":{"_seopress_robots_primary_cat":"","_seopress_titles_title":"","_seopress_titles_desc":"","_seopress_robots_index":"","_themeisle_gutenberg_block_has_review":false,"footnotes":""},"categories":[2,24,48],"tags":[],"class_list":["post-26574","post","type-post","status-publish","format-standard","has-post-thumbnail","hentry","category-actualidad","category-obras-publicas","category-provinciales"],"_links":{"self":[{"href":"https:\/\/www.almargenweb.com.ar\/web\/wp-json\/wp\/v2\/posts\/26574","targetHints":{"allow":["GET"]}}],"collection":[{"href":"https:\/\/www.almargenweb.com.ar\/web\/wp-json\/wp\/v2\/posts"}],"about":[{"href":"https:\/\/www.almargenweb.com.ar\/web\/wp-json\/wp\/v2\/types\/post"}],"author":[{"embeddable":true,"href":"https:\/\/www.almargenweb.com.ar\/web\/wp-json\/wp\/v2\/users\/13"}],"replies":[{"embeddable":true,"href":"https:\/\/www.almargenweb.com.ar\/web\/wp-json\/wp\/v2\/comments?post=26574"}],"version-history":[{"count":1,"href":"https:\/\/www.almargenweb.com.ar\/web\/wp-json\/wp\/v2\/posts\/26574\/revisions"}],"predecessor-version":[{"id":26576,"href":"https:\/\/www.almargenweb.com.ar\/web\/wp-json\/wp\/v2\/posts\/26574\/revisions\/26576"}],"wp:featuredmedia":[{"embeddable":true,"href":"https:\/\/www.almargenweb.com.ar\/web\/wp-json\/wp\/v2\/media\/26575"}],"wp:attachment":[{"href":"https:\/\/www.almargenweb.com.ar\/web\/wp-json\/wp\/v2\/media?parent=26574"}],"wp:term":[{"taxonomy":"category","embeddable":true,"href":"https:\/\/www.almargenweb.com.ar\/web\/wp-json\/wp\/v2\/categories?post=26574"},{"taxonomy":"post_tag","embeddable":true,"href":"https:\/\/www.almargenweb.com.ar\/web\/wp-json\/wp\/v2\/tags?post=26574"}],"curies":[{"name":"wp","href":"https:\/\/api.w.org\/{rel}","templated":true}]}}