{"id":26566,"date":"2018-07-04T17:08:09","date_gmt":"2018-07-04T20:08:09","guid":{"rendered":"http:\/\/www.almargenweb.com.ar\/web\/?p=26566"},"modified":"2018-07-04T17:08:09","modified_gmt":"2018-07-04T20:08:09","slug":"entrega-de-viviendas-y-nueva-terminal-de-omnibus-en-progreso","status":"publish","type":"post","link":"https:\/\/www.almargenweb.com.ar\/web\/entrega-de-viviendas-y-nueva-terminal-de-omnibus-en-progreso\/","title":{"rendered":"ENTREGA DE VIVIENDAS Y NUEVA TERMINAL DE \u00d3MNIBUS EN PROGRESO"},"content":{"rendered":"<p dir=\"ltr\">El gobernador de la provincia, Miguel Lifschitz y el vicegobernador Carlos Fascendini participaron en la localidad de Progreso, departamento Las Colonias, del acto de inauguraci\u00f3n de la nueva estaci\u00f3n terminal de \u00f3mnibus y la entrega de cuatro viviendas del\u00a0<a href=\"http:\/\/fo.pro.vi\/\" target=\"_blank\" rel=\"noopener\" data-saferedirecturl=\"https:\/\/www.google.com\/url?hl=es&amp;q=http:\/\/fo.pro.vi\/&amp;source=gmail&amp;ust=1530821069246000&amp;usg=AFQjCNHwm5aKajnTylurW4tkWruXjjZ8bg\">FO.PRO.VI<\/a>\u00a0en el marco del programa &#8220;Lote Propio&#8221;.<\/p>\n<p dir=\"ltr\">Estuvieron presentes, el senador por Las Colonias, Rub\u00e9n Pirola, el presidente comunal de Progreso, Julio C\u00e9sar M\u00fcller y el secretario de H\u00e1bitat y Vivienda, Diego Leone quienes acompa\u00f1aron a las familias en un momento especial de sus vidas al hacer realidad el proyecto de casa propia.<\/p>\n<p dir=\"ltr\">Con relaci\u00f3n a la nueva estaci\u00f3n de colectivos cabe destacar que surgi\u00f3 como una necesidad, especialmente, luego de la pavimentaci\u00f3n de la ruta provincial 62 S que favorece la circulaci\u00f3n y acceso de los medios de transporte p\u00fablico en Progreso. El edificio de la terminal se emplaz\u00f3 en la intersecci\u00f3n de calle Entre R\u00edos y Libertad.<\/p>\n<!-- AddThis Advanced Settings generic via filter on the_content --><!-- AddThis Share Buttons generic via filter on the_content -->","protected":false},"excerpt":{"rendered":"<p>El gobernador de la provincia, Miguel Lifschitz y el vicegobernador Carlos Fascendini participaron en la localidad [&hellip;]<!-- AddThis Advanced Settings generic via filter on get_the_excerpt --><!-- AddThis Share Buttons generic via filter on get_the_excerpt --><\/p>\n","protected":false},"author":13,"featured_media":26567,"comment_status":"open","ping_status":"open","sticky":false,"template":"","format":"standard","meta":{"_seopress_robots_primary_cat":"","_seopress_titles_title":"","_seopress_titles_desc":"","_seopress_robots_index":"","_themeisle_gutenberg_block_has_review":false,"footnotes":""},"categories":[20,21,24],"tags":[],"class_list":["post-26566","post","type-post","status-publish","format-standard","has-post-thumbnail","hentry","category-departamentales","category-las-colonias","category-obras-publicas"],"_links":{"self":[{"href":"https:\/\/www.almargenweb.com.ar\/web\/wp-json\/wp\/v2\/posts\/26566","targetHints":{"allow":["GET"]}}],"collection":[{"href":"https:\/\/www.almargenweb.com.ar\/web\/wp-json\/wp\/v2\/posts"}],"about":[{"href":"https:\/\/www.almargenweb.com.ar\/web\/wp-json\/wp\/v2\/types\/post"}],"author":[{"embeddable":true,"href":"https:\/\/www.almargenweb.com.ar\/web\/wp-json\/wp\/v2\/users\/13"}],"replies":[{"embeddable":true,"href":"https:\/\/www.almargenweb.com.ar\/web\/wp-json\/wp\/v2\/comments?post=26566"}],"version-history":[{"count":1,"href":"https:\/\/www.almargenweb.com.ar\/web\/wp-json\/wp\/v2\/posts\/26566\/revisions"}],"predecessor-version":[{"id":26568,"href":"https:\/\/www.almargenweb.com.ar\/web\/wp-json\/wp\/v2\/posts\/26566\/revisions\/26568"}],"wp:featuredmedia":[{"embeddable":true,"href":"https:\/\/www.almargenweb.com.ar\/web\/wp-json\/wp\/v2\/media\/26567"}],"wp:attachment":[{"href":"https:\/\/www.almargenweb.com.ar\/web\/wp-json\/wp\/v2\/media?parent=26566"}],"wp:term":[{"taxonomy":"category","embeddable":true,"href":"https:\/\/www.almargenweb.com.ar\/web\/wp-json\/wp\/v2\/categories?post=26566"},{"taxonomy":"post_tag","embeddable":true,"href":"https:\/\/www.almargenweb.com.ar\/web\/wp-json\/wp\/v2\/tags?post=26566"}],"curies":[{"name":"wp","href":"https:\/\/api.w.org\/{rel}","templated":true}]}}