{"id":26563,"date":"2018-07-04T16:53:30","date_gmt":"2018-07-04T19:53:30","guid":{"rendered":"http:\/\/www.almargenweb.com.ar\/web\/?p=26563"},"modified":"2018-07-04T16:53:30","modified_gmt":"2018-07-04T19:53:30","slug":"la-corrida-bancaria-destrozo-los-bolsillos","status":"publish","type":"post","link":"https:\/\/www.almargenweb.com.ar\/web\/la-corrida-bancaria-destrozo-los-bolsillos\/","title":{"rendered":"LA CORRIDA BANCARIA DESTROZ\u00d3 LOS BOLSILLOS"},"content":{"rendered":"<p>Tras el abandono de cualquier proyecci\u00f3n de parte del Gobierno nacional, que en menos de 24 horas pas\u00f3 de un c\u00e1lculo original de inflaci\u00f3n del 10 al 15 por ciento, y poco despu\u00e9s del 15 al 17, el Instituto de Trabajo y Econom\u00eda registr\u00f3 el mes pasado la mayor inflaci\u00f3n del a\u00f1o. Para Elypsis, la inflaci\u00f3n n\u00facleo del sexto mes del a\u00f1o fue del 4,2 por ciento. Todas las consultoras contemplan una inflaci\u00f3n anual de alrededor del 30 por ciento.<\/p>\n<p>Mientras el Instituto de Trabajo y Econom\u00eda de la Fundaci\u00f3n Germ\u00e1n Abdala inform\u00f3 que su \u00cdndice de Relevamiento de Precios (IRP) registr\u00f3 un aumento de 4 por ciento mensual en el sexto mes del a\u00f1o y una proyecci\u00f3n anual del 29,6,\u00a0los relevamientos preliminares de la consultora Elypsis, registraron una\u00a0inflaci\u00f3n mensual de junio del 3,8 por ciento a nivel nacional, cifra que muestra una importante aceleraci\u00f3n respecto de mayo, cuando el indicador registr\u00f3 un alza del 2,6 por ciento.<\/p>\n<p>La Fundaci\u00f3n Abdala, por su\u00a0parte, registr\u00f3 en junio una\u00a0inflaci\u00f3n n\u00facleo del\u00a04,1 por ciento, la m\u00e1s elevada desde diciembre de 2015. Respecto al mismo mes de 2017 registr\u00f3 un crecimiento de 26,1 por ciento.<\/p>\n<p>La administraci\u00f3n de Mauricio Macri ten\u00eda un c\u00e1lculo inicial de inflaci\u00f3n de entre el 8\u00a0y el 12 por ciento para este a\u00f1o, pero el 28 de diciembre pasado, doce horas despu\u00e9s de que se hubiera aprobado el Presupuesto, que contemplaba una inflaci\u00f3n del 10 por ciento, elev\u00f3 la meta al 15, y de ah\u00ed al 17, cifra que finalmente desestim\u00f3 el extitular del Banco Central, Federico Sturzenegger, una semana antes de dejar sus funciones.<\/p>\n<p>Seg\u00fan dijo luego el ministro de Hacienda, Nicol\u00e1s Dujovne, el Gobierno apuesta a que la inflaci\u00f3n cierre el a\u00f1o alrededor del 27 por ciento, 2,2 puntos m\u00e1s que la registrada en 2017, abandonando definitivamente la lucha contra la inflaci\u00f3n.<\/p>\n<p>Elypsis, la consultora fundada por el economista Eduardo Levy Yeyati, estim\u00f3 que la inflaci\u00f3n\u00a0n\u00facleo, que no tiene en cuenta subas estacionales o los ajustes de tarifas, indica que la inflaci\u00f3n de junio ser\u00e1 del 4,2 por ciento en junio.<\/p>\n<p>Eco Go consultores, por su parte, report\u00f3 que la inflaci\u00f3n medida por su Relevamiento de Precios Minoristas (RPM) exhibi\u00f3 un aumento del 3,7\u00a0en junio, llevando el indicador hasta el 29,8 por ciento anual.\u00a0Asimismo, la inflaci\u00f3n n\u00facleo se ubic\u00f3 en torno al 3,7 mensual en junio y 28,8 por ciento anual, seg\u00fan la consultora cuya directora ejecutiva es la economista Marina Dal Poggetto.<\/p>\n<p>El economista Fausto Spotorno, del Estudio Orlando Ferreres y Asociados, indic\u00f3 que el indicador de inflaci\u00f3n de junio arroj\u00f3 un alza del 3,9 mensual y 28,4 por ciento anual.\u00a0&#8220;Lleg\u00f3 el impacto de la devaluaci\u00f3n&#8221;, estim\u00f3 el economista tras la corrida\u00a0cambiaria que dispar\u00f3 el precio del d\u00f3lar un 70 por ciento en los \u00faltimos doce meses.<\/p>\n<p>Para el estudio Ferreres, la inflaci\u00f3n lleg\u00f3 al 15,5 por ciento en el primer semestre del a\u00f1o, alcanzando as\u00ed, en la mitad del a\u00f1o, la meta que hab\u00eda sido establecida por el Gobierno para todo el 2018.<\/p>\n<p>Lorenzo Sigaut Gravina, economista jefe de Ecolatina, por \u00faltimo, proyect\u00f3 una inflaci\u00f3n de 3,5 para junio y de un 30 por ciento para todo el a\u00f1o.<\/p>\n<p>&nbsp;<\/p>\n<p>&nbsp;<\/p>\n<!-- AddThis Advanced Settings generic via filter on the_content --><!-- AddThis Share Buttons generic via filter on the_content -->","protected":false},"excerpt":{"rendered":"<p>Tras el abandono de cualquier proyecci\u00f3n de parte del Gobierno nacional, que en menos de 24 [&hellip;]<!-- AddThis Advanced Settings generic via filter on get_the_excerpt --><!-- AddThis Share Buttons generic via filter on get_the_excerpt --><\/p>\n","protected":false},"author":13,"featured_media":26564,"comment_status":"open","ping_status":"open","sticky":false,"template":"","format":"standard","meta":{"_seopress_titles_title":"","_seopress_titles_desc":"","_seopress_robots_index":"","_seopress_robots_follow":"","_seopress_robots_imageindex":"","_seopress_robots_snippet":"","_seopress_robots_primary_cat":"","_seopress_robots_breadcrumbs":"","_seopress_robots_freeze_modified_date":"","_seopress_robots_custom_modified_date":"","_seopress_robots_canonical":"","_seopress_social_fb_title":"","_seopress_social_fb_desc":"","_seopress_social_fb_img":"","_seopress_social_fb_img_attachment_id":0,"_seopress_social_fb_img_width":0,"_seopress_social_fb_img_height":0,"_seopress_social_twitter_title":"","_seopress_social_twitter_desc":"","_seopress_social_twitter_img":"","_seopress_social_twitter_img_attachment_id":0,"_seopress_social_twitter_img_width":0,"_seopress_social_twitter_img_height":0,"_seopress_redirections_value":"","_seopress_redirections_enabled":"","_seopress_redirections_enabled_regex":"","_seopress_redirections_logged_status":"","_seopress_redirections_param":"","_seopress_redirections_type":0,"_seopress_analysis_target_kw":"","_themeisle_gutenberg_block_has_review":false,"footnotes":""},"categories":[2,5],"tags":[],"class_list":["post-26563","post","type-post","status-publish","format-standard","has-post-thumbnail","hentry","category-actualidad","category-economia"],"_links":{"self":[{"href":"https:\/\/www.almargenweb.com.ar\/web\/wp-json\/wp\/v2\/posts\/26563","targetHints":{"allow":["GET"]}}],"collection":[{"href":"https:\/\/www.almargenweb.com.ar\/web\/wp-json\/wp\/v2\/posts"}],"about":[{"href":"https:\/\/www.almargenweb.com.ar\/web\/wp-json\/wp\/v2\/types\/post"}],"author":[{"embeddable":true,"href":"https:\/\/www.almargenweb.com.ar\/web\/wp-json\/wp\/v2\/users\/13"}],"replies":[{"embeddable":true,"href":"https:\/\/www.almargenweb.com.ar\/web\/wp-json\/wp\/v2\/comments?post=26563"}],"version-history":[{"count":1,"href":"https:\/\/www.almargenweb.com.ar\/web\/wp-json\/wp\/v2\/posts\/26563\/revisions"}],"predecessor-version":[{"id":26565,"href":"https:\/\/www.almargenweb.com.ar\/web\/wp-json\/wp\/v2\/posts\/26563\/revisions\/26565"}],"wp:featuredmedia":[{"embeddable":true,"href":"https:\/\/www.almargenweb.com.ar\/web\/wp-json\/wp\/v2\/media\/26564"}],"wp:attachment":[{"href":"https:\/\/www.almargenweb.com.ar\/web\/wp-json\/wp\/v2\/media?parent=26563"}],"wp:term":[{"taxonomy":"category","embeddable":true,"href":"https:\/\/www.almargenweb.com.ar\/web\/wp-json\/wp\/v2\/categories?post=26563"},{"taxonomy":"post_tag","embeddable":true,"href":"https:\/\/www.almargenweb.com.ar\/web\/wp-json\/wp\/v2\/tags?post=26563"}],"curies":[{"name":"wp","href":"https:\/\/api.w.org\/{rel}","templated":true}]}}