{"id":26549,"date":"2018-07-04T16:29:15","date_gmt":"2018-07-04T19:29:15","guid":{"rendered":"http:\/\/www.almargenweb.com.ar\/web\/?p=26549"},"modified":"2018-07-04T16:29:15","modified_gmt":"2018-07-04T19:29:15","slug":"liberaron-a-un-ejemplar-de-aguara-guazu-en-alejandra","status":"publish","type":"post","link":"https:\/\/www.almargenweb.com.ar\/web\/liberaron-a-un-ejemplar-de-aguara-guazu-en-alejandra\/","title":{"rendered":"LIBERARON A UN EJEMPLAR DE AGUAR\u00c1 GUAZ\u00da EN ALEJANDRA"},"content":{"rendered":"<p>El gobierno de la provincia, a trav\u00e9s de un trabajo realizado en conjunto por los ministerios de la Producci\u00f3n y de Medio Ambiente, liber\u00f3 este martes, en Alejandra (departamento San Javier), un ejemplar de Aguar\u00e1 Guaz\u00fa que hab\u00eda sido encontrado en la localidad de Avellaneda (departamento General Obligado).<\/p>\n<p>Tras realizarse el protocolo de trabajo previsto para la especie, se determin\u00f3 que el animal estaba en condiciones \u00f3ptimas para retornar a su h\u00e1bitat sin necesidad de realizar el proceso de rehabilitaci\u00f3n en la Estaci\u00f3n Zool\u00f3gica Experimental \u201cGranja La Esmeralda\u201d, de la ciudad de Santa Fe.<\/p>\n<p>El protocolo desarrollado en la provincia establece que ante la aparici\u00f3n de ejemplares de esta especie, cuando el animal fue capturado recientemente y se encuentra en buen estado de salud, debe ser liberado de inmediato en el \u00e1rea natural m\u00e1s cercana.<\/p>\n<p>De la liberaci\u00f3n particip\u00f3 personal t\u00e9cnico de los ministerios de Medio Ambiente y de la Producci\u00f3n, junto al propietario de la Estancia El Estero, Francisco Caminos.<\/p>\n<p><strong>AGUAR\u00c1 GUAZ\u00da<\/strong><br \/>\nEl Aguar\u00e1 Guaz\u00fa es un animal inofensivo para los seres humanos y tampoco ataca al ganado.<\/p>\n<p>Tambi\u00e9n conocido como zorro grande o lobo de crin, es un c\u00e1nido que supera el metro y medio de largo total (desde la punta del hocico a la punta de la cola) y, junto al venado de las pampas, es uno de los monumentos naturales de la provincia de Santa Fe.<\/p>\n<p>Tiene una masa corporal que ronda los 20 a 30 kilos y sus rasgos caracter\u00edsticos son una crin negra, patas largas y negruzcas, y un manto pardo naranja.<\/p>\n<p>Se alimenta principalmente de peque\u00f1os vertebrados (cuises y serpientes) y frutos; y su h\u00e1bitat son los pastizales, ba\u00f1ados, esteros y bosques en un \u00e1rea que va desde el centro norte de Santa Fe e incluye regiones de Brasil, Paraguay, Per\u00fa y Bolivia.<\/p>\n<!-- AddThis Advanced Settings generic via filter on the_content --><!-- AddThis Share Buttons generic via filter on the_content -->","protected":false},"excerpt":{"rendered":"<p>El gobierno de la provincia, a trav\u00e9s de un trabajo realizado en conjunto por los ministerios [&hellip;]<!-- AddThis Advanced Settings generic via filter on get_the_excerpt --><!-- AddThis Share Buttons generic via filter on get_the_excerpt --><\/p>\n","protected":false},"author":13,"featured_media":26550,"comment_status":"open","ping_status":"open","sticky":false,"template":"","format":"standard","meta":{"_seopress_robots_primary_cat":"","_seopress_titles_title":"","_seopress_titles_desc":"","_seopress_robots_index":"","_themeisle_gutenberg_block_has_review":false,"footnotes":""},"categories":[164,48],"tags":[],"class_list":["post-26549","post","type-post","status-publish","format-standard","has-post-thumbnail","hentry","category-ambiente","category-provinciales"],"_links":{"self":[{"href":"https:\/\/www.almargenweb.com.ar\/web\/wp-json\/wp\/v2\/posts\/26549","targetHints":{"allow":["GET"]}}],"collection":[{"href":"https:\/\/www.almargenweb.com.ar\/web\/wp-json\/wp\/v2\/posts"}],"about":[{"href":"https:\/\/www.almargenweb.com.ar\/web\/wp-json\/wp\/v2\/types\/post"}],"author":[{"embeddable":true,"href":"https:\/\/www.almargenweb.com.ar\/web\/wp-json\/wp\/v2\/users\/13"}],"replies":[{"embeddable":true,"href":"https:\/\/www.almargenweb.com.ar\/web\/wp-json\/wp\/v2\/comments?post=26549"}],"version-history":[{"count":1,"href":"https:\/\/www.almargenweb.com.ar\/web\/wp-json\/wp\/v2\/posts\/26549\/revisions"}],"predecessor-version":[{"id":26551,"href":"https:\/\/www.almargenweb.com.ar\/web\/wp-json\/wp\/v2\/posts\/26549\/revisions\/26551"}],"wp:featuredmedia":[{"embeddable":true,"href":"https:\/\/www.almargenweb.com.ar\/web\/wp-json\/wp\/v2\/media\/26550"}],"wp:attachment":[{"href":"https:\/\/www.almargenweb.com.ar\/web\/wp-json\/wp\/v2\/media?parent=26549"}],"wp:term":[{"taxonomy":"category","embeddable":true,"href":"https:\/\/www.almargenweb.com.ar\/web\/wp-json\/wp\/v2\/categories?post=26549"},{"taxonomy":"post_tag","embeddable":true,"href":"https:\/\/www.almargenweb.com.ar\/web\/wp-json\/wp\/v2\/tags?post=26549"}],"curies":[{"name":"wp","href":"https:\/\/api.w.org\/{rel}","templated":true}]}}