{"id":26503,"date":"2018-06-28T09:24:39","date_gmt":"2018-06-28T12:24:39","guid":{"rendered":"http:\/\/www.almargenweb.com.ar\/web\/?p=26503"},"modified":"2018-06-28T09:51:11","modified_gmt":"2018-06-28T12:51:11","slug":"nueva-deuda-de-nacion-a-santa-fe-ahora-mas-de-10-mil-millones-por-la-caja-de-jubilaciones","status":"publish","type":"post","link":"https:\/\/www.almargenweb.com.ar\/web\/nueva-deuda-de-nacion-a-santa-fe-ahora-mas-de-10-mil-millones-por-la-caja-de-jubilaciones\/","title":{"rendered":"NUEVA DEUDA DE NACI\u00d3N A SANTA FE, AHORA MAS DE 10 MIL MILLONES POR LA CAJA DE JUBILACIONES"},"content":{"rendered":"<p>Es a valores hist\u00f3ricos y debe consensuarse la f\u00f3rmula de actualizaci\u00f3n. La mayor\u00eda de los fondos adeudados corresponden a aportes para cubrir el d\u00e9ficit de la Caja de Jubilaciones. Estos cr\u00e9ditos son independientes de la deuda por coparticipaci\u00f3n.<\/p>\n<div class=\"news-body\">\n<div class=\"news-paragraph cuerpo\" data-idnota=\"1631839\" data-twitter-link=\"https:\/\/twitter.com\/intent\/tweet?url=https:\/\/www.unosantafe.com.ar\/\/c1631839&amp;via=&amp;related=Uno Santa Fe&amp;text=\">\n<div>El ministro de Econom\u00eda, Gonzalo Saglione, comunic\u00f3 formalmente al gobierno nacional un detalle de los cr\u00e9ditos que tiene la provincia con el Estado nacional.<\/div>\n<div><\/div>\n<div>En algunos casos tienen m\u00e1s de 10 a\u00f1os de antig\u00fcedad y suman 10.064 millones de pesos a valores hist\u00f3ricos, y son adicionales al cr\u00e9dito por los fallos de la Corte Suprema.<\/div>\n<div><\/div>\n<div>La suma surge en el marco del cumplimiento del Consenso Fiscal, que en uno de sus apartados expresa &#8220;establecer un mecanismo eficiente de negociaci\u00f3n y compensaci\u00f3n de deudas y cr\u00e9ditos rec\u00edprocos, entre el Estado nacional y las jurisdicciones que aprueben el consenso, por reclamos no alcanzados por los desistimientos previstos en este consenso. Los acuerdos deber\u00e1n lograrse antes del 30 de junio de 2018&#8221;.<\/div>\n<div><\/div>\n<div>Tales cr\u00e9ditos son conceptos totalmente independientes del surgido a partir de los fallos de la Corte Suprema de Justicia de la Naci\u00f3n en noviembre de 2015, cuyo proceso de cobro ya lleva dos a\u00f1os y medio, sin respuestas a\u00fan del Gobierno Nacional.<\/div>\n<div><\/div>\n<div>&#8220;Esto no es otra cosa que cumplir con lo que firmamos. As\u00ed como con el cr\u00e9dito por los fallos de la Corte Suprema hicimos los pasos previstos en el consenso, en esta oportunidad estamos cumplimento lo que nos corresponde en el marco del r\u00e9gimen de compensaci\u00f3n de cr\u00e9ditos y deudas rec\u00edprocos que establece dicho acuerdo&#8221;, expres\u00f3 Saglione.<\/div>\n<div><\/div>\n<div>Adem\u00e1s, el ministro indic\u00f3 que &#8220;si bien el procedimiento prev\u00e9 la inclusi\u00f3n de cr\u00e9ditos de las provincias con la Naci\u00f3n y viceversa, en el caso de Santa Fe pr\u00e1cticamente hay cr\u00e9ditos. Porque hist\u00f3ricamente aquellas cosas que corrieron por cuenta de Santa Fe se pagan como corresponde y esto nos da autoridad para pedir el cumplimento a las otras partes&#8221;.<\/div>\n<div><\/div>\n<div>Los montos de tales cr\u00e9ditos est\u00e1n expresados en valores hist\u00f3ricos por 10.064 millones de pesos, a lo que habr\u00e1 que adicionarle las actualizaciones que se acuerden, especialmente teniendo en cuenta que en la \u00faltima d\u00e9cada la inflaci\u00f3n super\u00f3 el 700 por ciento.<\/div>\n<div><\/div>\n<div>Los cr\u00e9ditos de Santa Fe en detalle:<\/div>\n<div>&gt;&gt; Saldo neto del R\u00e9gimen de Compensaci\u00f3n de Deudas y Cr\u00e9ditos Decreto Nacional N\u00ba 1.382\/05: 613.108.220 pesos.<\/div>\n<div><\/div>\n<div>&gt;&gt; Fondo Fiduciario para el Desarrollo Provincial: 1.127.362 pesos.<\/div>\n<div><\/div>\n<div>&gt;&gt; Aportes para cubrir el D\u00e9ficit Previsional de la Caja de Jubilaciones: 8.351.883.871 pesos.<\/div>\n<div><\/div>\n<div>&gt;&gt; Deuda Ministerio de Salud de la Naci\u00f3n por Programa Federal Incluir Salud Resoluci\u00f3n N\u00ba 1.862\/11: 92.860.483 pesos.<\/div>\n<div><\/div>\n<div>&gt;&gt; Deuda Secretar\u00eda de Vivienda y H\u00e1bitat de la Naci\u00f3n por Convenio Plan Federal Construcci\u00f3n 10.000 viviendas: 14.396.872 pesos.<\/div>\n<div><\/div>\n<div>&gt;&gt; Deuda Secretar\u00eda de Vivienda y H\u00e1bitat de la Naci\u00f3n por Convenio Plan Federal Construcci\u00f3n 21.000 viviendas: 18.566.966 pesos.<\/div>\n<div><\/div>\n<div>&gt;&gt; Deuda Secretar\u00eda de Vivienda y H\u00e1bitat de la Naci\u00f3n por Programa Federal Emergencia Habitacional: 4.492.615 pesos.<\/div>\n<div><\/div>\n<div>&gt;&gt; Deuda Ministerio de Educaci\u00f3n de la Naci\u00f3n por Fondo Nacional de Incentivo Docente Ley 25.053 y material did\u00e1ctico: 60.577.738 pesos.<\/div>\n<div><\/div>\n<div>&gt;&gt; Deuda Servicio Penitenciario Federal por gastos producidos por alojamiento internos federales en c\u00e1rceles provinciales: 169.065.889 pesos.<\/div>\n<div><\/div>\n<div>&gt;&gt; Deuda del Gobierno Nacional con la Empresa Provincial de la Energ\u00eda por venta energ\u00eda el\u00e9ctrica: 11.786.402 pesos.<\/div>\n<div><\/div>\n<div>&gt;&gt; Deuda del Ente Nacional de Obras H\u00eddricas y Saneamiento (ENOHSA) con <a class=\"agrupador\" href=\"http:\/\/www.unosantafe.com.ar\/aguas-santafesinas-a3002\" rel=\"3002\">Aguas Santafesinas<\/a> SA por acuerdos de financiamiento por aporte para inversiones: 1.088.891 pesos.<\/div>\n<div><\/div>\n<div>&gt;&gt; Obra transformaci\u00f3n en Autov\u00eda de la Ruta Nacional N\u00ba 19, tramo Santo Tom\u00e9 \u2013 Frontera: 725.253.903 pesos.<\/div>\n<\/div>\n<\/div>\n<div><\/div>\n<div><\/div>\n<div><\/div>\n<div><\/div>\n<div><\/div>\n<div><\/div>\n<div><\/div>\n<div><\/div>\n<div><\/div>\n<div>Fuente: UNO santa fe<\/div>\n<div><\/div>\n<div><\/div>\n<div><\/div>\n<div><\/div>\n<div><\/div>\n<!-- AddThis Advanced Settings generic via filter on the_content --><!-- AddThis Share Buttons generic via filter on the_content -->","protected":false},"excerpt":{"rendered":"<p>Es a valores hist\u00f3ricos y debe consensuarse la f\u00f3rmula de actualizaci\u00f3n. La mayor\u00eda de los fondos [&hellip;]<!-- AddThis Advanced Settings generic via filter on get_the_excerpt --><!-- AddThis Share Buttons generic via filter on get_the_excerpt --><\/p>\n","protected":false},"author":13,"featured_media":26504,"comment_status":"open","ping_status":"open","sticky":false,"template":"","format":"standard","meta":{"_seopress_robots_primary_cat":"","_seopress_titles_title":"","_seopress_titles_desc":"","_seopress_robots_index":"","_themeisle_gutenberg_block_has_review":false,"footnotes":""},"categories":[5,48],"tags":[],"class_list":["post-26503","post","type-post","status-publish","format-standard","has-post-thumbnail","hentry","category-economia","category-provinciales"],"_links":{"self":[{"href":"https:\/\/www.almargenweb.com.ar\/web\/wp-json\/wp\/v2\/posts\/26503","targetHints":{"allow":["GET"]}}],"collection":[{"href":"https:\/\/www.almargenweb.com.ar\/web\/wp-json\/wp\/v2\/posts"}],"about":[{"href":"https:\/\/www.almargenweb.com.ar\/web\/wp-json\/wp\/v2\/types\/post"}],"author":[{"embeddable":true,"href":"https:\/\/www.almargenweb.com.ar\/web\/wp-json\/wp\/v2\/users\/13"}],"replies":[{"embeddable":true,"href":"https:\/\/www.almargenweb.com.ar\/web\/wp-json\/wp\/v2\/comments?post=26503"}],"version-history":[{"count":2,"href":"https:\/\/www.almargenweb.com.ar\/web\/wp-json\/wp\/v2\/posts\/26503\/revisions"}],"predecessor-version":[{"id":26509,"href":"https:\/\/www.almargenweb.com.ar\/web\/wp-json\/wp\/v2\/posts\/26503\/revisions\/26509"}],"wp:featuredmedia":[{"embeddable":true,"href":"https:\/\/www.almargenweb.com.ar\/web\/wp-json\/wp\/v2\/media\/26504"}],"wp:attachment":[{"href":"https:\/\/www.almargenweb.com.ar\/web\/wp-json\/wp\/v2\/media?parent=26503"}],"wp:term":[{"taxonomy":"category","embeddable":true,"href":"https:\/\/www.almargenweb.com.ar\/web\/wp-json\/wp\/v2\/categories?post=26503"},{"taxonomy":"post_tag","embeddable":true,"href":"https:\/\/www.almargenweb.com.ar\/web\/wp-json\/wp\/v2\/tags?post=26503"}],"curies":[{"name":"wp","href":"https:\/\/api.w.org\/{rel}","templated":true}]}}