{"id":26492,"date":"2018-06-26T19:41:56","date_gmt":"2018-06-26T22:41:56","guid":{"rendered":"http:\/\/www.almargenweb.com.ar\/web\/?p=26492"},"modified":"2018-06-26T19:41:56","modified_gmt":"2018-06-26T22:41:56","slug":"pablo-farias-le-pidio-a-jose-corral-que-asuma-el-compromiso-que-dijo-iba-a-asumir","status":"publish","type":"post","link":"https:\/\/www.almargenweb.com.ar\/web\/pablo-farias-le-pidio-a-jose-corral-que-asuma-el-compromiso-que-dijo-iba-a-asumir\/","title":{"rendered":"Pablo Far\u00edas le pidi\u00f3 a Jos\u00e9 Corral que \u201casuma el compromiso que dijo iba a asumir\u201d"},"content":{"rendered":"<p>Esa fue la respuesta a\u00a0<a href=\"http:\/\/www.sinmordaza.com\/noticia\/522328-jose-corral-no-es-momento-de-hablar-de-candidaturas-hay-que-ocuparse-de-otras-cosas.html\">los dichos del intendente Jos\u00e9 Corral en referencia a que la EPE<\/a>\u00a0no retiraba los cheques de pago; a este respecto, Far\u00edas dijo casi con sarcasmo: \u201cNo se paga as\u00ed, \u00e9l puede hacer la transferencia, lo dem\u00e1s es una cuesti\u00f3n publicitaria\u201d.<\/p>\n<p>Pablo Far\u00edas tambi\u00e9n asegur\u00f3 que en los pr\u00f3ximos d\u00edas se llevar\u00e1 a cabo un reuni\u00f3n entre la EPE y el equipo de la municipalidad santafesina donde, en principio, buscar\u00edan plantear m\u00e9todos de medici\u00f3n del alumbrado p\u00fablico.<\/p>\n<p>En cuanto a la\u00a0<a href=\"http:\/\/www.sinmordaza.com\/noticia\/517886-jose-corral-la-epe-nos-debe-120-millones-de-pesos.html\">judicializaci\u00f3n del conflicto<\/a>\u00a0que ya lleva varias semanas, Far\u00edas sostuvo: \u201c\u00c9l se comprometi\u00f3 a pagar y tiene que hacerlo y si considera que tiene que judicializar algo, \u00e9l sabr\u00e1 lo que tiene que hacer, lo principal es que asuma el compromiso que dijo que iba a asumir cuando decidi\u00f3 unilateralmente rescindir el convenio con la EPE que cobraba el consumo proporcionalmente a cada usuario\u201d.<\/p>\n<p>El ministro hizo estas declaraciones en la Casa De Gobierno de Santa Fe en la presentaci\u00f3n del programa \u201chay equipo\u201d que apunta al financiamiento de acciones tendientes a la prevenci\u00f3n del consumo de alcohol y drogas.<\/p>\n<p>El ministro Pablo Far\u00edas habl\u00f3 del conflicto entre Jos\u00e9 Corral y la EPE por Cadena Oh!<\/p>\n<p>&nbsp;<\/p>\n<p>&nbsp;<\/p>\n<p>Fuente: Sin Mordaza.<\/p>\n<!-- AddThis Advanced Settings generic via filter on the_content --><!-- AddThis Share Buttons generic via filter on the_content -->","protected":false},"excerpt":{"rendered":"<p>Esa fue la respuesta a\u00a0los dichos del intendente Jos\u00e9 Corral en referencia a que la EPE\u00a0no [&hellip;]<!-- AddThis Advanced Settings generic via filter on get_the_excerpt --><!-- AddThis Share Buttons generic via filter on get_the_excerpt --><\/p>\n","protected":false},"author":14,"featured_media":26493,"comment_status":"open","ping_status":"open","sticky":false,"template":"","format":"standard","meta":{"_seopress_robots_primary_cat":"","_seopress_titles_title":"","_seopress_titles_desc":"","_seopress_robots_index":"","_themeisle_gutenberg_block_has_review":false,"footnotes":""},"categories":[48],"tags":[215],"class_list":["post-26492","post","type-post","status-publish","format-standard","has-post-thumbnail","hentry","category-provinciales","tag-pablo-farias"],"_links":{"self":[{"href":"https:\/\/www.almargenweb.com.ar\/web\/wp-json\/wp\/v2\/posts\/26492","targetHints":{"allow":["GET"]}}],"collection":[{"href":"https:\/\/www.almargenweb.com.ar\/web\/wp-json\/wp\/v2\/posts"}],"about":[{"href":"https:\/\/www.almargenweb.com.ar\/web\/wp-json\/wp\/v2\/types\/post"}],"author":[{"embeddable":true,"href":"https:\/\/www.almargenweb.com.ar\/web\/wp-json\/wp\/v2\/users\/14"}],"replies":[{"embeddable":true,"href":"https:\/\/www.almargenweb.com.ar\/web\/wp-json\/wp\/v2\/comments?post=26492"}],"version-history":[{"count":1,"href":"https:\/\/www.almargenweb.com.ar\/web\/wp-json\/wp\/v2\/posts\/26492\/revisions"}],"predecessor-version":[{"id":26494,"href":"https:\/\/www.almargenweb.com.ar\/web\/wp-json\/wp\/v2\/posts\/26492\/revisions\/26494"}],"wp:featuredmedia":[{"embeddable":true,"href":"https:\/\/www.almargenweb.com.ar\/web\/wp-json\/wp\/v2\/media\/26493"}],"wp:attachment":[{"href":"https:\/\/www.almargenweb.com.ar\/web\/wp-json\/wp\/v2\/media?parent=26492"}],"wp:term":[{"taxonomy":"category","embeddable":true,"href":"https:\/\/www.almargenweb.com.ar\/web\/wp-json\/wp\/v2\/categories?post=26492"},{"taxonomy":"post_tag","embeddable":true,"href":"https:\/\/www.almargenweb.com.ar\/web\/wp-json\/wp\/v2\/tags?post=26492"}],"curies":[{"name":"wp","href":"https:\/\/api.w.org\/{rel}","templated":true}]}}