{"id":26465,"date":"2018-06-21T12:13:20","date_gmt":"2018-06-21T15:13:20","guid":{"rendered":"http:\/\/www.almargenweb.com.ar\/web\/?p=26465"},"modified":"2018-06-21T12:13:20","modified_gmt":"2018-06-21T15:13:20","slug":"falta-de-voluntad-politica-para-pagar-la-deuda-a-santa-fe","status":"publish","type":"post","link":"https:\/\/www.almargenweb.com.ar\/web\/falta-de-voluntad-politica-para-pagar-la-deuda-a-santa-fe\/","title":{"rendered":"FALTA DE VOLUNTAD POL\u00cdTICA PARA PAGAR LA DEUDA A SANTA FE"},"content":{"rendered":"<p>El ministro de Econom\u00eda de Santa Fe reclam\u00f3 los 54 mil millones que Naci\u00f3n le debe a la provincia, asegur\u00f3 que no permitir\u00e1n que ese monto se pague sin actualizar y cuestion\u00f3 que en solo un a\u00f1o, el gobierno central le dio 40 mil millones a Vidal.<\/p>\n<p>Gonzalo Saglione revel\u00f3 la causa por la que el gobierno nacional no le paga a Santa Fe la deuda hist\u00f3rica por coparticipaci\u00f3n, que estim\u00f3 en 54.000 millones de pesos. &#8220;Hay una falta de voluntad pol\u00edtica para resolver el problema&#8221;. Y advirti\u00f3 que lo &#8220;m\u00e1s sorprendente&#8221; es que Macri no s\u00f3lo incumple la sentencia de la Corte Suprema de Justicia de la Naci\u00f3n que orden\u00f3 el pago en noviembre de 2015, sino tambi\u00e9n el propio Consenso Fiscal que firm\u00f3 con el gobernador Miguel Lifschitz, en noviembre de 2017, en el que el propio presidente puso una fecha l\u00edmite para acordar el plan de pago, que era el 31 de marzo de 2018. &#8220;Nos sorprende sobremanera&#8221; la actitud de la Casa Rosada, apur\u00f3.<\/p>\n<p>Saglione dijo que el monto de la deuda &#8220;es muy importante para Santa Fe&#8221;, pero &#8220;casi insignificante para la Naci\u00f3n&#8221;. Y puso como ejemplo la corrida cambiaria y la devaluaci\u00f3n del peso en los \u00faltimos d\u00edas, que aument\u00f3 la &#8220;deuda p\u00fablica argentina&#8221; en &#8220;mucho m\u00e1s que los 54.000 millones que le deben la provincia&#8221;.<\/p>\n<p>Ante una consulta, Saglione se permiti\u00f3 dudar de las definiciones del ministro del Interior Rogelio Frigerio, quien la semana pasada en Santa Fe dijo que Macri quer\u00eda &#8220;terminar con los litigios&#8221; con las provincias, que su gobierno era &#8220;federal&#8221; y el que m\u00e1s obra p\u00fablica hab\u00eda ejecutado en el interior. &#8220;Las matem\u00e1ticas no mienten. El presupuesto de obra p\u00fablica ejecutado el a\u00f1o pasado en Santa Fe, s\u00f3lo el 3 por ciento proviene de fondos nacionales&#8221; cuando &#8220;hay provincias donde el 50 por ciento de la obra p\u00fablica la paga la Naci\u00f3n&#8221;.<\/p>\n<p>&#8220;En estos dos a\u00f1os y medio&#8221; del gobierno de Macri, &#8220;no hubo ninguna decisi\u00f3n de transferencia de recursos que haya beneficiado a Santa Fe&#8221;, dijo Saglione. Y revel\u00f3 que s\u00f3lo en 2017, la Naci\u00f3n le asign\u00f3 &#8220;discrecionalmente&#8221; 40.000 millones de pesos a la gobernadora Mar\u00eda Eugenia Vidal. &#8220;\u00bfEscucharon el n\u00famero? Santa Fe reclama 54.000 millones por deuda hist\u00f3rica y a Buenos Aires, en un a\u00f1o, le asignaron 40.000 millones de pesos de todos los argentinos. Esa es una decisi\u00f3n pol\u00edtica. Si Frigerio cree que eso lo convierte en un gobierno federal porque ayuda a una provincia, bueno, es una subjetividad del ministro&#8221;, ironiz\u00f3.<\/p>\n<p><strong>\u2011- Hay un fallo de la Corte, pero no se cumple<\/strong>\u00a0-le plante\u00f3 el colega Jos\u00e9 Graells.<\/p>\n<p>-\u2011 Me sorprende por dos cosas. En un pa\u00eds que debe respetar las instituciones, que el propio gobierno nacional incumpla un fallo de la Corte Suprema, nos sorprende sobre manera. Y peor a\u00fan, el Consenso Fiscal firmado en noviembre de 2017 por el presidente de la Naci\u00f3n y 23 gobernadores, establec\u00eda una fecha l\u00edmite para acordar el mecanismo de pago, que era el 31 de marzo de 2018. El propio gobierno nacional impuso ese l\u00edmite temporal, estamos a casi tres meses y no lo cumplen &#8211;contest\u00f3 Saglione.<\/p>\n<p><strong>-\u2011 \u00bfHasta cuando llega la paciencia?<\/strong><\/p>\n<p>-\u2011 La \u00faltima reuni\u00f3n que tuvimos sobre este tema fue el 21 de mayo, donde acompa\u00f1\u00e9 al gobernador Lifschitz al despacho del ministro (Nicol\u00e1s) Dujovne. Lo que le planteamos es que Santa Fe est\u00e1 dispuesta a aceptar un mecanismo de pago que descomprima la situaci\u00f3n financiera del gobierno nacional en el corto plazo. Concretamente, aceptamos un t\u00edtulo p\u00fablico que tenga un per\u00edodo de gracia de dos o tres a\u00f1os, no nos preocupa que el pago comience en la pr\u00f3xima gesti\u00f3n de gobierno. Santa Fe tiene sus cuentas en orden, no necesitamos cobrar ahora esa plata. Y si una provincia plantea como acreedor que no tiene apuro, la Naci\u00f3n deber\u00eda valorar eso. Lo que queremos garantizar es la deuda se actualice por inflaci\u00f3n y no tuvimos respuesta. Para nosotros, si no existe una cl\u00e1usula de actualizaci\u00f3n que preserve la capacidad de compra, es imposible llegar a un acuerdo. La Naci\u00f3n deber\u00eda valorar esa posici\u00f3n de Santa Fe -\u2011concluy\u00f3.<\/p>\n<p>&nbsp;<\/p>\n<p>&nbsp;<\/p>\n<p>&nbsp;<\/p>\n<p>&nbsp;<\/p>\n<p>&nbsp;<\/p>\n<p>&nbsp;<\/p>\n<p>&nbsp;<\/p>\n<p>&nbsp;<\/p>\n<p>Fuente: Pagina 12 | Rosario 12<\/p>\n<!-- AddThis Advanced Settings generic via filter on the_content --><!-- AddThis Share Buttons generic via filter on the_content -->","protected":false},"excerpt":{"rendered":"<p>El ministro de Econom\u00eda de Santa Fe reclam\u00f3 los 54 mil millones que Naci\u00f3n le debe [&hellip;]<!-- AddThis Advanced Settings generic via filter on get_the_excerpt --><!-- AddThis Share Buttons generic via filter on get_the_excerpt --><\/p>\n","protected":false},"author":13,"featured_media":26466,"comment_status":"open","ping_status":"open","sticky":false,"template":"","format":"standard","meta":{"_seopress_robots_primary_cat":"","_seopress_titles_title":"","_seopress_titles_desc":"","_seopress_robots_index":"","_themeisle_gutenberg_block_has_review":false,"footnotes":""},"categories":[5,48],"tags":[],"class_list":["post-26465","post","type-post","status-publish","format-standard","has-post-thumbnail","hentry","category-economia","category-provinciales"],"_links":{"self":[{"href":"https:\/\/www.almargenweb.com.ar\/web\/wp-json\/wp\/v2\/posts\/26465","targetHints":{"allow":["GET"]}}],"collection":[{"href":"https:\/\/www.almargenweb.com.ar\/web\/wp-json\/wp\/v2\/posts"}],"about":[{"href":"https:\/\/www.almargenweb.com.ar\/web\/wp-json\/wp\/v2\/types\/post"}],"author":[{"embeddable":true,"href":"https:\/\/www.almargenweb.com.ar\/web\/wp-json\/wp\/v2\/users\/13"}],"replies":[{"embeddable":true,"href":"https:\/\/www.almargenweb.com.ar\/web\/wp-json\/wp\/v2\/comments?post=26465"}],"version-history":[{"count":2,"href":"https:\/\/www.almargenweb.com.ar\/web\/wp-json\/wp\/v2\/posts\/26465\/revisions"}],"predecessor-version":[{"id":26468,"href":"https:\/\/www.almargenweb.com.ar\/web\/wp-json\/wp\/v2\/posts\/26465\/revisions\/26468"}],"wp:featuredmedia":[{"embeddable":true,"href":"https:\/\/www.almargenweb.com.ar\/web\/wp-json\/wp\/v2\/media\/26466"}],"wp:attachment":[{"href":"https:\/\/www.almargenweb.com.ar\/web\/wp-json\/wp\/v2\/media?parent=26465"}],"wp:term":[{"taxonomy":"category","embeddable":true,"href":"https:\/\/www.almargenweb.com.ar\/web\/wp-json\/wp\/v2\/categories?post=26465"},{"taxonomy":"post_tag","embeddable":true,"href":"https:\/\/www.almargenweb.com.ar\/web\/wp-json\/wp\/v2\/tags?post=26465"}],"curies":[{"name":"wp","href":"https:\/\/api.w.org\/{rel}","templated":true}]}}