{"id":26451,"date":"2018-06-20T18:57:36","date_gmt":"2018-06-20T21:57:36","guid":{"rendered":"http:\/\/www.almargenweb.com.ar\/web\/?p=26451"},"modified":"2018-06-20T18:57:36","modified_gmt":"2018-06-20T21:57:36","slug":"los-docentes-dan-clases-amsafe-confirma-que-no-va-al-paro-de-la-cgt","status":"publish","type":"post","link":"https:\/\/www.almargenweb.com.ar\/web\/los-docentes-dan-clases-amsafe-confirma-que-no-va-al-paro-de-la-cgt\/","title":{"rendered":"Los docentes dan clases: AMSAFE confirma que no va al paro de la CGT"},"content":{"rendered":"<p>Durante la jornada de ayer y por varios medios de comunicaci\u00f3n, se afirm\u00f3 que los docentes adheridos a AMSAFE La Capital no dar\u00edan clases el pr\u00f3ximo lunes 25 por el paro convocado por la CGT.\u00a0<strong>Desde el gremio docente explicaron que esa situaci\u00f3n no es real y hasta tanto CTERA, que es el gremio nacional que los nuclea, no confirme, los docentes santafesinos dar\u00e1n clases normalmente.<\/strong><\/p>\n<p><em>\u201cAnte las insistentes consultas acerca del paro convocado por la CGT, informamos que nosotros no pertenecemos a esa central obrera, y la \u00fanica forma que en que podamos hacer un paro es que lo decrete la CTA o CTERA que es nuestro organismo a nivel nacional\u201d,\u00a0<\/em>explicaron desde el gremio que nuclea a los trabajadores docentes de la provincia.<\/p>\n<p><em>\u201c<strong>El paro de la CGT es a nivel nacional y nosotros somos un gremio provincial. Si AMSAFE decreta un paro es contra el gobierno de la provincia. Hasta que no exista un comunicado de CTA o CTERA a nivel nacional nosotros no podemos participar de ning\u00fan paro\u201d,<\/strong><\/em><strong>\u00a0dijo un delegado de AMSAFE a Sin Mordaza.<\/strong><\/p>\n<p>&nbsp;<\/p>\n<p>&nbsp;<\/p>\n<p>Fuente: Sin Mordaza.<\/p>\n<!-- AddThis Advanced Settings generic via filter on the_content --><!-- AddThis Share Buttons generic via filter on the_content -->","protected":false},"excerpt":{"rendered":"<p>Durante la jornada de ayer y por varios medios de comunicaci\u00f3n, se afirm\u00f3 que los docentes [&hellip;]<!-- AddThis Advanced Settings generic via filter on get_the_excerpt --><!-- AddThis Share Buttons generic via filter on get_the_excerpt --><\/p>\n","protected":false},"author":14,"featured_media":26452,"comment_status":"open","ping_status":"open","sticky":false,"template":"","format":"standard","meta":{"_seopress_robots_primary_cat":"","_seopress_titles_title":"","_seopress_titles_desc":"","_seopress_robots_index":"","_themeisle_gutenberg_block_has_review":false,"footnotes":""},"categories":[48],"tags":[198],"class_list":["post-26451","post","type-post","status-publish","format-standard","has-post-thumbnail","hentry","category-provinciales","tag-amsafe"],"_links":{"self":[{"href":"https:\/\/www.almargenweb.com.ar\/web\/wp-json\/wp\/v2\/posts\/26451","targetHints":{"allow":["GET"]}}],"collection":[{"href":"https:\/\/www.almargenweb.com.ar\/web\/wp-json\/wp\/v2\/posts"}],"about":[{"href":"https:\/\/www.almargenweb.com.ar\/web\/wp-json\/wp\/v2\/types\/post"}],"author":[{"embeddable":true,"href":"https:\/\/www.almargenweb.com.ar\/web\/wp-json\/wp\/v2\/users\/14"}],"replies":[{"embeddable":true,"href":"https:\/\/www.almargenweb.com.ar\/web\/wp-json\/wp\/v2\/comments?post=26451"}],"version-history":[{"count":1,"href":"https:\/\/www.almargenweb.com.ar\/web\/wp-json\/wp\/v2\/posts\/26451\/revisions"}],"predecessor-version":[{"id":26453,"href":"https:\/\/www.almargenweb.com.ar\/web\/wp-json\/wp\/v2\/posts\/26451\/revisions\/26453"}],"wp:featuredmedia":[{"embeddable":true,"href":"https:\/\/www.almargenweb.com.ar\/web\/wp-json\/wp\/v2\/media\/26452"}],"wp:attachment":[{"href":"https:\/\/www.almargenweb.com.ar\/web\/wp-json\/wp\/v2\/media?parent=26451"}],"wp:term":[{"taxonomy":"category","embeddable":true,"href":"https:\/\/www.almargenweb.com.ar\/web\/wp-json\/wp\/v2\/categories?post=26451"},{"taxonomy":"post_tag","embeddable":true,"href":"https:\/\/www.almargenweb.com.ar\/web\/wp-json\/wp\/v2\/tags?post=26451"}],"curies":[{"name":"wp","href":"https:\/\/api.w.org\/{rel}","templated":true}]}}