{"id":26431,"date":"2018-06-19T11:39:09","date_gmt":"2018-06-19T14:39:09","guid":{"rendered":"http:\/\/www.almargenweb.com.ar\/web\/?p=26431"},"modified":"2018-06-19T11:39:09","modified_gmt":"2018-06-19T14:39:09","slug":"el-presidente-estara-en-la-provincia-pero-vallado-y-muy-lejos-de-la-gente","status":"publish","type":"post","link":"https:\/\/www.almargenweb.com.ar\/web\/el-presidente-estara-en-la-provincia-pero-vallado-y-muy-lejos-de-la-gente\/","title":{"rendered":"EL PRESIDENTE ESTAR\u00c1 EN LA PROVINCIA, PERO VALLADO Y MUY LEJOS DE LA GENTE"},"content":{"rendered":"<p>El mandatario encabezar\u00e1 el acto por el D\u00eda de la Bandera con un vallado de seguridad de varias cuadras que impedir\u00e1 el acceso del p\u00fablico. Le tomar\u00e1 juramento a los cadetes acompa\u00f1ado por al gobernador Lifschitz y la intendenta Fein.<\/p>\n<p>El presidente Mauricio Macri encabezar\u00e1 ma\u00f1ana en el Monumento el acto central por el D\u00eda de la Bandera. El jefe de Estado participar\u00e1 del izamiento y luego le tomar\u00e1 juramento a los cadetes acompa\u00f1ado por al gobernador Miguel Lifschitz y la intendenta M\u00f3nica Fein. La visita de Macri estar\u00e1 rodeada de un importante operativo de seguridad con un vallado que impedir\u00e1 el acceso del p\u00fablico a la zona. En la previa; el gobernador Lifschitz, que ayer presidi\u00f3 la promesa de lealtad a la bandera de siete mil alumnos de Rosario y la regi\u00f3n en el Monumento, pidi\u00f3 al gobierno nacional que &#8220;tome conciencia de la situaci\u00f3n compleja en la que se encuentra el pa\u00eds y tambi\u00e9n muchos sectores de la sociedad, no solamente de las clases m\u00e1s vulnerables si no de los sectores medios que han visto deteriorados sus ingresos y que ven con preocupaci\u00f3n su futuro&#8221;. La intendenta Fein tambi\u00e9n se mostr\u00f3 preocupada por la corrida cambiaria. &#8220;Los que gobernamos sabemos que nos impacta en todo, en los insumos sanitarios, en el transporte p\u00fablico y en la obra p\u00fablica&#8221;, afirm\u00f3.<\/p>\n<p>Macri asistir\u00e1 a la ceremonia, que comenzar\u00e1 a las 9, acompa\u00f1ado por el ministro del Interior, Rogelio Frigerio, entre otras autoridades nacionales, seg\u00fan consign\u00f3 un cable de la agencia oficial T\u00e9lam. Ayer, funcionarios de Presidencia de la Naci\u00f3n estuvieron ultimando los detalles de la visita junto a los funcionarios municipales encargados del acto protocolar. Luego del izamiento y la jura de los cadetes, ser\u00e1 el turno de los discursos de Fein, Lifschitz, y finalmente el de Macri.<\/p>\n<p>&#8220;Ser\u00e1 igual al del a\u00f1o pasado, la \u00fanica diferencia fue que en aquella oportunidad estuvieron los tres sentados porque el gobernador estaba con un yeso (hab\u00eda sido intervenido quir\u00fargicamente semanas antes por la rotura del tend\u00f3n de aquiles de la pierna derecha) y esta vez estar\u00e1n sentados&#8221;, dijo un vocero municipal.<\/p>\n<p>Como ocurri\u00f3 el a\u00f1o pasado, Macri encabezar\u00e1 ma\u00f1ana el acto por el D\u00eda de la Bandera con un vallado de varias cuadras que impedir\u00e1 el acceso del p\u00fablico. En esa oportunidad, tanto el gobernador Lifschitz como la intendenta Fein criticaron el estricto operativo de seguridad que por primera vez desde el retorno a la democracia impidi\u00f3 la realizaci\u00f3n del tradicional desfile c\u00edvico. &#8220;Contrataron la misma cantidad de vallas&#8221;, precisaron ayer desde el municipio.<\/p>\n<p>Hace dos a\u00f1os, Macri les tom\u00f3 el juramento a alumnos de diferentes escuelas del pa\u00eds. Ese acto gener\u00f3 muchas cr\u00edticas porque el mandatario nacional inst\u00f3 a los estudiantes a corear la consigna de campa\u00f1a de Cambiemos &#8220;S\u00ed, se puede&#8221;. Tampoco guarda buenos recuerdos de esa visita el concejal Eduardo Toniolli (PJ), quien fue agredido por efectivos de la Gendarmer\u00eda en la esquina de Rioja y Buenos Aires cuando pretend\u00eda avanzar junto a un grupo de manifestantes a la zona donde se realizaba el acto.<\/p>\n<p>Tras el acto oficial de ma\u00f1ana, la Municipalidad convoc\u00f3 a participar con sus banderas del multitudinario desfile ciudadano &#8211;se estima que desfilar\u00e1n cuatro mil personas&#8211; que comenzar\u00e1 a las 11 y con la zona despejada de vallas para permitir el libre acceso. En ese sentido, adelantaron que el Transporte Urbano de Pasajeros ser\u00e1 gratuito en aquellos servicios que conecten con la zona del Monumento hasta las 13. Acompa\u00f1ar\u00e1n el Centro de Ex Soldados Combatientes en Malvinas, agrupaciones infantiles, escuelas, vecinales, miembros de voluntariados, cooperativas, colectividades, agrupaciones tradicionalistas a pie y a caballo, una caravana ciclista y los Bomberos Voluntarios de Rosario.<\/p>\n<p>Los festejos, detallaron los organizadores, continuar\u00e1n en el parque a la Bandera con una gran fiesta popular que incluye el tradicional Concurso de Asadores a la Estaca.<\/p>\n<!-- AddThis Advanced Settings generic via filter on the_content --><!-- AddThis Share Buttons generic via filter on the_content -->","protected":false},"excerpt":{"rendered":"<p>El mandatario encabezar\u00e1 el acto por el D\u00eda de la Bandera con un vallado de seguridad [&hellip;]<!-- AddThis Advanced Settings generic via filter on get_the_excerpt --><!-- AddThis Share Buttons generic via filter on get_the_excerpt --><\/p>\n","protected":false},"author":13,"featured_media":26432,"comment_status":"open","ping_status":"open","sticky":false,"template":"","format":"standard","meta":{"_seopress_robots_primary_cat":"","_seopress_titles_title":"","_seopress_titles_desc":"","_seopress_robots_index":"","_themeisle_gutenberg_block_has_review":false,"footnotes":""},"categories":[2,48],"tags":[],"class_list":["post-26431","post","type-post","status-publish","format-standard","has-post-thumbnail","hentry","category-actualidad","category-provinciales"],"_links":{"self":[{"href":"https:\/\/www.almargenweb.com.ar\/web\/wp-json\/wp\/v2\/posts\/26431","targetHints":{"allow":["GET"]}}],"collection":[{"href":"https:\/\/www.almargenweb.com.ar\/web\/wp-json\/wp\/v2\/posts"}],"about":[{"href":"https:\/\/www.almargenweb.com.ar\/web\/wp-json\/wp\/v2\/types\/post"}],"author":[{"embeddable":true,"href":"https:\/\/www.almargenweb.com.ar\/web\/wp-json\/wp\/v2\/users\/13"}],"replies":[{"embeddable":true,"href":"https:\/\/www.almargenweb.com.ar\/web\/wp-json\/wp\/v2\/comments?post=26431"}],"version-history":[{"count":1,"href":"https:\/\/www.almargenweb.com.ar\/web\/wp-json\/wp\/v2\/posts\/26431\/revisions"}],"predecessor-version":[{"id":26433,"href":"https:\/\/www.almargenweb.com.ar\/web\/wp-json\/wp\/v2\/posts\/26431\/revisions\/26433"}],"wp:featuredmedia":[{"embeddable":true,"href":"https:\/\/www.almargenweb.com.ar\/web\/wp-json\/wp\/v2\/media\/26432"}],"wp:attachment":[{"href":"https:\/\/www.almargenweb.com.ar\/web\/wp-json\/wp\/v2\/media?parent=26431"}],"wp:term":[{"taxonomy":"category","embeddable":true,"href":"https:\/\/www.almargenweb.com.ar\/web\/wp-json\/wp\/v2\/categories?post=26431"},{"taxonomy":"post_tag","embeddable":true,"href":"https:\/\/www.almargenweb.com.ar\/web\/wp-json\/wp\/v2\/tags?post=26431"}],"curies":[{"name":"wp","href":"https:\/\/api.w.org\/{rel}","templated":true}]}}