{"id":26428,"date":"2018-06-18T19:05:36","date_gmt":"2018-06-18T22:05:36","guid":{"rendered":"http:\/\/www.almargenweb.com.ar\/web\/?p=26428"},"modified":"2018-06-18T19:05:36","modified_gmt":"2018-06-18T22:05:36","slug":"la-provincia-activa-la-clausula-de-resguardo-salarial","status":"publish","type":"post","link":"https:\/\/www.almargenweb.com.ar\/web\/la-provincia-activa-la-clausula-de-resguardo-salarial\/","title":{"rendered":"LA PROVINCIA ACTIVA LA CL\u00c1USULA DE RESGUARDO SALARIAL"},"content":{"rendered":"<div id=\"content-post\">\n<div class=\"entry\">\n<p>El gobierno provincial dio a conocer este lunes el \u00edndice de precios al consumidor (IPC) elaborado por el Instituto Provincial de Estad\u00edsticas y Censos (IPEC) seg\u00fan el cual, la inflaci\u00f3n acumulada a mayo de 2018 es de 12,8%. En consecuencia, se activar\u00e1 el mecanismo de resguardo salarial establecido en todas las paritarias que incluyen a trabajadores estatales provinciales.<\/p>\n<p>La mencionada cl\u00e1usula establece que si el IPC acumulado a mayo superase el monto del primer tramo de aumento salarial acordado, se actualizar\u00eda la diferencia a partir de los salarios del mes de junio, considerando este monto como adelanto del aumento acordado a agosto.<\/p>\n<p>En vistas que el desfasaje producido es de un 3,8% entre lo acordado y la acumulaci\u00f3n a mayo, el gobierno ha dispuesto los mecanismos pertinentes de actualizaci\u00f3n salarial. La misma se har\u00e1 efectiva por liquidaci\u00f3n complementaria luego de que se cobren los sueldos correspondientes al mes junio, tanto para activos como para pasivos.<\/p>\n<\/div>\n<\/div>\n<!-- AddThis Advanced Settings generic via filter on the_content --><!-- AddThis Share Buttons generic via filter on the_content -->","protected":false},"excerpt":{"rendered":"<p>El gobierno provincial dio a conocer este lunes el \u00edndice de precios al consumidor (IPC) elaborado [&hellip;]<!-- AddThis Advanced Settings generic via filter on get_the_excerpt --><!-- AddThis Share Buttons generic via filter on get_the_excerpt --><\/p>\n","protected":false},"author":13,"featured_media":26429,"comment_status":"open","ping_status":"open","sticky":false,"template":"","format":"standard","meta":{"_seopress_robots_primary_cat":"","_seopress_titles_title":"","_seopress_titles_desc":"","_seopress_robots_index":"","_themeisle_gutenberg_block_has_review":false,"footnotes":""},"categories":[5,48],"tags":[],"class_list":["post-26428","post","type-post","status-publish","format-standard","has-post-thumbnail","hentry","category-economia","category-provinciales"],"_links":{"self":[{"href":"https:\/\/www.almargenweb.com.ar\/web\/wp-json\/wp\/v2\/posts\/26428","targetHints":{"allow":["GET"]}}],"collection":[{"href":"https:\/\/www.almargenweb.com.ar\/web\/wp-json\/wp\/v2\/posts"}],"about":[{"href":"https:\/\/www.almargenweb.com.ar\/web\/wp-json\/wp\/v2\/types\/post"}],"author":[{"embeddable":true,"href":"https:\/\/www.almargenweb.com.ar\/web\/wp-json\/wp\/v2\/users\/13"}],"replies":[{"embeddable":true,"href":"https:\/\/www.almargenweb.com.ar\/web\/wp-json\/wp\/v2\/comments?post=26428"}],"version-history":[{"count":1,"href":"https:\/\/www.almargenweb.com.ar\/web\/wp-json\/wp\/v2\/posts\/26428\/revisions"}],"predecessor-version":[{"id":26430,"href":"https:\/\/www.almargenweb.com.ar\/web\/wp-json\/wp\/v2\/posts\/26428\/revisions\/26430"}],"wp:featuredmedia":[{"embeddable":true,"href":"https:\/\/www.almargenweb.com.ar\/web\/wp-json\/wp\/v2\/media\/26429"}],"wp:attachment":[{"href":"https:\/\/www.almargenweb.com.ar\/web\/wp-json\/wp\/v2\/media?parent=26428"}],"wp:term":[{"taxonomy":"category","embeddable":true,"href":"https:\/\/www.almargenweb.com.ar\/web\/wp-json\/wp\/v2\/categories?post=26428"},{"taxonomy":"post_tag","embeddable":true,"href":"https:\/\/www.almargenweb.com.ar\/web\/wp-json\/wp\/v2\/tags?post=26428"}],"curies":[{"name":"wp","href":"https:\/\/api.w.org\/{rel}","templated":true}]}}